{"id":974,"date":"2018-08-30T13:49:06","date_gmt":"2018-08-30T11:49:06","guid":{"rendered":"http:\/\/collectifpleinlavue.org\/?p=974"},"modified":"2018-09-13T11:59:06","modified_gmt":"2018-09-13T09:59:06","slug":"communique-de-presse-les-panneaux-publicitaires-sont-ils-bons-pour-le-commerce-lyonnais-pas-si-sur","status":"publish","type":"post","link":"https:\/\/collectifpleinlavue.org\/index.php\/2018\/08\/30\/communique-de-presse-les-panneaux-publicitaires-sont-ils-bons-pour-le-commerce-lyonnais-pas-si-sur\/","title":{"rendered":"Les panneaux publicitaires sont-ils bons pour le commerce lyonnais ?  Pas si s\u00fbr&#8230;"},"content":{"rendered":"<p><span style=\"color: #000000;\">COMMUNIQU\u00c9 DE PRESSE<br \/>\n<\/span><span style=\"color: #000000;\">Lyon \u2013 30 ao\u00fbt 2018<\/span><\/p>\n<h4 style=\"text-align: center;\"><strong><span style=\"color: #000000;\">Les panneaux publicitaires sont-ils bons pour le commerce lyonnais ? <\/span><span style=\"color: #000000;\">Pas si s\u00fbr&#8230;<\/span><\/strong><\/h4>\n<p><strong><span style=\"color: #000000;\">Le <a href=\"http:\/\/collectifpleinlavue.org\/\">Collectif Plein La Vue<\/a> est all\u00e9 \u00e0 la rencontre de commer\u00e7ants de proximit\u00e9 de l\u2019agglom\u00e9ration afin d&rsquo;enqu\u00eater sur leur usage de la publicit\u00e9 dans l\u2019espace public.<\/span><\/strong><\/p>\n<p><span style=\"color: #000000;\">Les r\u00e9sultats de cette enqu\u00eate montrent que la publicit\u00e9 dans l\u2019espace public est loin d\u2019\u00eatre un besoin vital pour les commerces de proximit\u00e9. Une majorit\u00e9 souhaite m\u00eame en diminuer le nombre ou la taille afin plut\u00f4t d\u2019am\u00e9liorer le cadre de vie autour de leurs commerces.<\/span><\/p>\n<p><span style=\"color: #000000;\">\u00c0 Oullins, Bron, Rillieux-la-Pape, Villeurbanne ainsi que dans six arrondissements de Lyon (1er, 2\u00e8, 3\u00e8, 4\u00e8, 5\u00e8, 7\u00e8), nous avons men\u00e9 <a href=\"http:\/\/collectifpleinlavue.org\/wp-content\/uploads\/2018\/08\/PLV-Enquete-Commercants-08-2018.pdf\">une enqu\u00eate aupr\u00e8s de 200 commer\u00e7ants de proximit\u00e9 de l\u2019agglom\u00e9ration lyonnaise<\/a>.<\/span><\/p>\n<p><strong><span style=\"color: #000000;\">Une grande majorit\u00e9 des commer\u00e7ants interrog\u00e9s pr\u00e9f\u00e8reraient une diminution du nombre et de la taille des publicit\u00e9s :<\/span><\/strong><\/p>\n<p><span style=\"color: #000000;\">=&gt; Seuls 13% des commer\u00e7ants interrog\u00e9s pensent que la publicit\u00e9 dans l&rsquo;espace public rend les villes attractives<\/span><\/p>\n<p><span style=\"color: #000000;\">=&gt; <\/span><span style=\"color: #000000;\">\u00c0 la question \u00ab\u00a0\u00cates-vous favorable \u00e0 une limitation des dispositifs de publicit\u00e9s sup\u00e9rieurs \u00e0 2m<\/span><span style=\"font-family: Liberation Serif, serif;\"><span style=\"font-size: medium;\"><span><sup><i>2 <\/i><\/sup><\/span><\/span><\/span><span style=\"color: #000000;\">?\u00a0\u00bb : 68% r\u00e9pondent oui, 19% ne sait pas et seuls 13% souhaitent continuer avec des panneaux sup\u00e9rieurs \u00e0 2m<\/span><span style=\"font-family: Liberation Serif, serif;\"><span style=\"font-size: medium;\"><span><sup><i>2<\/i><\/sup><\/span><\/span><\/span><\/p>\n<p><span style=\"color: #000000;\">=&gt; <\/span><span style=\"color: #000000;\">La publicit\u00e9 dans l\u2019espace public n\u2019est pas utile \u00e0 ces commerces : <strong>96% n&rsquo;ont jamais fait de publicit\u00e9 dans l&rsquo;espace public et seulement 9% pensent que cela leur fait gagner des clients !<\/strong><\/span><\/p>\n<p><span style=\"color: #000000;\">Pour Anthony Geoffroy, coordinateur de l\u2019enqu\u00eate : <em>\u201cCe sont principalement les grands groupes qui utilisent ces panneaux publicitaires. Des grands groupes que l&rsquo;on retrouve souvent dans les centres commerciaux en p\u00e9riph\u00e9ries, et qui ne participent donc pas \u00e0 la vitalit\u00e9 des centres-villes. Nous pensons donc que la publicit\u00e9 dans l\u2019espace public a plut\u00f4t un effet n\u00e9gatif sur le commerce de proximit\u00e9. C&rsquo;est particuli\u00e8rement vrai dans le quartier Route de Vienne &#8211; Grand Trou (Lyon 8) dans lequel nous avons <a href=\"http:\/\/collectifpleinlavue.org\/wp-content\/uploads\/2018\/08\/PLV-Enquete-Commercants-08-2018.pdf\">approfondi notre \u00e9tude<\/a>\u00a0\u00bb <\/em>(\u00e0 partir de la page 11).<\/span><\/p>\n<p><span style=\"color: #000000;\">Tous les habitants du Grand Lyon ont le droit de vivre dans les beaux quartiers, que nous vivions au Grand Trou, \u00e0 Charbonni\u00e8res-les-bains ou Place des Jacobins \u00e0 Lyon. Redynamiser le commerce de proximit\u00e9 passe par l\u2019am\u00e9lioration des cadres de vie et donc par une diminution substantielle de la pression publicitaire, et notamment dans ces quartiers aujourd&rsquo;hui d\u00e9pr\u00e9ci\u00e9s.<\/span><\/p>\n<p><strong><span style=\"color: #000000;\">L\u2019\u00e9tude sera envoy\u00e9e \u00e0 tous les maires de la M\u00e9tropole, tous les groupes politiques et \u00e9lus de la M\u00e9tropole, ainsi qu\u2019aux associations de commer\u00e7ants.<\/span><\/strong><span style=\"color: #000000;\"><\/span><\/p>\n<p style=\"text-align: center;\"><a href=\"http:\/\/collectifpleinlavue.org\/wp-content\/uploads\/2018\/08\/PLV-Enquete-Commercants-08-2018.pdf\"><strong>CLIQUEZ ICI POUR ACC\u00c9DER \u00c0 L&rsquo;\u00c9TUDE COMPL\u00c8TE<\/strong><\/a><\/p>\n<p style=\"text-align: center;\"><span style=\"color: #000000;\">&#8212;&#8212;&#8212;&#8212;&#8212;&#8212;&#8212;&#8212;&#8212;&#8212;<br \/>\n<\/span><\/p>\n<p><em><span style=\"color: #000000;\">NB\u00a0: la M\u00e9tropole de Lyon r\u00e9dige actuellement le RLPI (R\u00e8glement local de publicit\u00e9 intercommunal) qui va l\u00e9gif\u00e9rer sur la place de la publicit\u00e9 pour les ann\u00e9es voire les d\u00e9cennies \u00e0 venir. Le Collectif Plein la vue est associ\u00e9 aux travaux pour demander une diminution de la pression publicitaire. \u00c0 ce jour\u00a0:<\/span><\/em><\/p>\n<p><em><span style=\"color: #000000;\">&#8211; La <a href=\"https:\/\/www.change.org\/p\/david-kimelfeld-des-arbres-pas-des-pubs-lib%C3%A9rons-la-m%C3%A9tropole-lyonnaise-de-la-pression-publicitaire\">p\u00e9tition<\/a> locale du collectif compte plus de 12 000 signatures<br \/>\n&#8211; Pr\u00e8s d\u2019une trentaine d\u2019organisations (de tout domaine d\u2019intervention) sont \u00e9galement signataires<\/span><\/em><\/p>\n<p><em><span style=\"color: #000000;\">Chaque citoyen peut interpeller la m\u00e9tropole de Lyon en \u00e9crivant \u00e0 concertation.rlp@grandlyon.com ou \u00e0 partir du site pleinlavue.org.<\/span><\/em><\/p>\n","protected":false},"excerpt":{"rendered":"<p>COMMUNIQU\u00c9 DE PRESSE Lyon \u2013 30 ao\u00fbt 2018 Les panneaux publicitaires sont-ils bons pour le commerce lyonnais ? Pas si s\u00fbr&#8230; Le Collectif Plein La Vue est all\u00e9 \u00e0 la rencontre de commer\u00e7ants de proximit\u00e9 de l\u2019agglom\u00e9ration afin d&rsquo;enqu\u00eater sur leur usage de la publicit\u00e9 dans l\u2019espace public. Les r\u00e9sultats de cette enqu\u00eate montrent que [&hellip;]<\/p>\n","protected":false},"author":2,"featured_media":981,"comment_status":"closed","ping_status":"open","sticky":false,"template":"","format":"standard","meta":{"footnotes":""},"categories":[6,7],"tags":[],"class_list":["post-974","post","type-post","status-publish","format-standard","has-post-thumbnail","hentry","category-info","category-news"],"blocksy_meta":[],"_links":{"self":[{"href":"https:\/\/collectifpleinlavue.org\/index.php\/wp-json\/wp\/v2\/posts\/974","targetHints":{"allow":["GET"]}}],"collection":[{"href":"https:\/\/collectifpleinlavue.org\/index.php\/wp-json\/wp\/v2\/posts"}],"about":[{"href":"https:\/\/collectifpleinlavue.org\/index.php\/wp-json\/wp\/v2\/types\/post"}],"author":[{"embeddable":true,"href":"https:\/\/collectifpleinlavue.org\/index.php\/wp-json\/wp\/v2\/users\/2"}],"replies":[{"embeddable":true,"href":"https:\/\/collectifpleinlavue.org\/index.php\/wp-json\/wp\/v2\/comments?post=974"}],"version-history":[{"count":7,"href":"https:\/\/collectifpleinlavue.org\/index.php\/wp-json\/wp\/v2\/posts\/974\/revisions"}],"predecessor-version":[{"id":1023,"href":"https:\/\/collectifpleinlavue.org\/index.php\/wp-json\/wp\/v2\/posts\/974\/revisions\/1023"}],"wp:featuredmedia":[{"embeddable":true,"href":"https:\/\/collectifpleinlavue.org\/index.php\/wp-json\/wp\/v2\/media\/981"}],"wp:attachment":[{"href":"https:\/\/collectifpleinlavue.org\/index.php\/wp-json\/wp\/v2\/media?parent=974"}],"wp:term":[{"taxonomy":"category","embeddable":true,"href":"https:\/\/collectifpleinlavue.org\/index.php\/wp-json\/wp\/v2\/categories?post=974"},{"taxonomy":"post_tag","embeddable":true,"href":"https:\/\/collectifpleinlavue.org\/index.php\/wp-json\/wp\/v2\/tags?post=974"}],"curies":[{"name":"wp","href":"https:\/\/api.w.org\/{rel}","templated":true}]}}