{"id":870,"date":"2018-06-18T23:26:07","date_gmt":"2018-06-18T21:26:07","guid":{"rendered":"http:\/\/collectifpleinlavue.org\/?p=870"},"modified":"2018-07-14T12:58:46","modified_gmt":"2018-07-14T10:58:46","slug":"revue-de-presse-juin-2018","status":"publish","type":"post","link":"https:\/\/collectifpleinlavue.org\/index.php\/2018\/06\/18\/revue-de-presse-juin-2018\/","title":{"rendered":"Revue de presse \u2013 Juin 2018"},"content":{"rendered":"<p><strong>En Juin : France 3, Le Progr\u00e8s, M\u00e9diacit\u00e9s, Lyon Capitale, Lyon Premi\u00e8re, Lyon Mag, Rue 89 Lyon&#8230;<\/strong><\/p>\n<p>&nbsp;<\/p>\n<p><img decoding=\"async\" src=\"http:\/\/collectifpleinlavue.org\/wp-content\/uploads\/2018\/01\/rue-89-lyon.png\" alt=\"\" class=\"alignleft wp-image-352\" width=\"195\" height=\"146\" \/><\/p>\n<p><strong>26 juin 2018 &#8211; Combien et quel type de panneaux publicitaires dans l\u2019espace public\u00a0? Revue d\u2019opinions \u00e0 la M\u00e9tropole de Lyon.<\/strong> De quelle taille, \u00e0 quels endroits ? Des panneaux publicitaires num\u00e9riques dans l\u2019espace public ou non ?&#8230; <a href=\"https:\/\/www.rue89lyon.fr\/2018\/06\/26\/panneaux-publicitaires-espace-public-opinions-metropole-lyon\/\"><strong><em>LIRE LA SUITE<\/em><\/strong><\/a>.<\/p>\n<p>&nbsp;<\/p>\n<p>&nbsp;<\/p>\n<p><strong>France 3 &#8211; 25 juin 2018 :<\/strong><\/p>\n<p><iframe width=\"560\" height=\"315\" src=\"https:\/\/www.youtube.com\/embed\/-SCo5DH8e5A\" frameborder=\"0\" allow=\"autoplay; encrypted-media\" allowfullscreen=\"allowfullscreen\"><\/iframe><\/p>\n<p>&nbsp;<\/p>\n<p><img decoding=\"async\" src=\"http:\/\/collectifpleinlavue.org\/wp-content\/uploads\/2018\/05\/Logo-Lyon-Capitale-1-300x168.png\" alt=\"\" class=\"alignleft wp-image-815\" width=\"210\" height=\"117\" srcset=\"https:\/\/collectifpleinlavue.org\/wp-content\/uploads\/2018\/05\/Logo-Lyon-Capitale-1-300x168.png 300w, https:\/\/collectifpleinlavue.org\/wp-content\/uploads\/2018\/05\/Logo-Lyon-Capitale-1.png 530w\" sizes=\"(max-width: 210px) 100vw, 210px\" \/><strong>25 juin 2018 &#8211; Lyon\u00a0: tractage antipub pour sensibiliser les \u00e9lus de la M\u00e9tropole.<\/strong> Ce lundi 25 juin, alors que va \u00eatre vot\u00e9 le R\u00e8glement local de publicit\u00e9 (RLPI) au Conseil m\u00e9tropolitain, le collectif Plein la vue a tract\u00e9&#8230; <a href=\"https:\/\/www.lyoncapitale.fr\/actualite\/lyon-tractage-antipub-pour-sensibiliser-les-elus-de-la-metropole\/\"><strong><em>LIRE LA SUITE<\/em><\/strong><\/a>.<\/p>\n<p>&nbsp;<\/p>\n<p><img decoding=\"async\" src=\"http:\/\/collectifpleinlavue.org\/wp-content\/uploads\/2018\/01\/Logo-le-progres-300x125.jpg\" alt=\"\" class=\"alignleft wp-image-359\" width=\"210\" height=\"88\" srcset=\"https:\/\/collectifpleinlavue.org\/wp-content\/uploads\/2018\/01\/Logo-le-progres-300x125.jpg 300w, https:\/\/collectifpleinlavue.org\/wp-content\/uploads\/2018\/01\/Logo-le-progres-768x321.jpg 768w, https:\/\/collectifpleinlavue.org\/wp-content\/uploads\/2018\/01\/Logo-le-progres-1024x428.jpg 1024w, https:\/\/collectifpleinlavue.org\/wp-content\/uploads\/2018\/01\/Logo-le-progres.jpg 1196w\" sizes=\"(max-width: 210px) 100vw, 210px\" \/><strong>25 juin 2018 &#8211; Pour ou contre les \u00e9crans publicitaires num\u00e9riques : la bataille a commenc\u00e9.<\/strong> Dans le futur r\u00e8glement m\u00e9tropolitain de publicit\u00e9, il sera question de la pr\u00e9sence des \u00e9crans num\u00e9riques&#8230; LIRE LA SUITE <a href=\"https:\/\/www.leprogres.fr\/rhone-69\/2018\/06\/24\/pour-ou-contre-les-ecrans-publicitaires-numeriques-la-bataille-a-commence\"><strong><em>abonn\u00e9s<\/em><\/strong><\/a> et <a href=\"http:\/\/collectifpleinlavue.org\/wp-content\/uploads\/2018\/06\/2018-06-25-Le-Progres.pdf\"><strong><em>non <\/em><em>abonn\u00e9s<\/em><\/strong><\/a>.<\/p>\n<p>&nbsp;<\/p>\n<p><strong><img loading=\"lazy\" decoding=\"async\" src=\"http:\/\/collectifpleinlavue.org\/wp-content\/uploads\/2018\/02\/Logo-Lyon-1ere-300x162.gif\" alt=\"\" class=\"alignleft wp-image-434\" width=\"220\" height=\"119\" \/>17 juin 2018 &#8211; Mobilisation \u00e0 Lyon contre les \u00e9crans publicitaires derni\u00e8re g\u00e9n\u00e9ration.\u00a0<\/strong> Ce samedi, \u00e0 Lyon, des citoyens se sont mobilis\u00e9s contre les \u00e9crans publicitaires&#8230;une action men\u00e9e dans les gares et les m\u00e9tros, et sur les r\u00e9seaux sociaux&#8230; <a href=\"https:\/\/www.lyonpremiere.com\/Mobilisation-a-Lyon-contre-les-ecrans-publicitaires-derniere-generation_a19495.html\"><strong><em>LIRE LA SUITE<\/em><\/strong><\/a>.<\/p>\n<p>&nbsp;<\/p>\n<p><strong><img loading=\"lazy\" decoding=\"async\" src=\"http:\/\/collectifpleinlavue.org\/wp-content\/uploads\/2018\/01\/Logo-Lyon-Mag-300x300.png\" alt=\"\" class=\"alignleft wp-image-344\" width=\"140\" height=\"140\" srcset=\"https:\/\/collectifpleinlavue.org\/wp-content\/uploads\/2018\/01\/Logo-Lyon-Mag-300x300.png 300w, https:\/\/collectifpleinlavue.org\/wp-content\/uploads\/2018\/01\/Logo-Lyon-Mag-150x150.png 150w, https:\/\/collectifpleinlavue.org\/wp-content\/uploads\/2018\/01\/Logo-Lyon-Mag-768x768.png 768w, https:\/\/collectifpleinlavue.org\/wp-content\/uploads\/2018\/01\/Logo-Lyon-Mag.png 1024w\" sizes=\"(max-width: 140px) 100vw, 140px\" \/>16 juin 2018 &#8211; Manifestation place Carnot ce samedi pour lutter contre les \u00e9crans de publicit\u00e9s dans les espaces publics. <\/strong>Le mouvement StopPubVideo lance un appel \u00e0 la mobilisation ce samedi Place Carnot pour lutter contre la propagation des \u00e9crans de publicit\u00e9 dans les espaces publics&#8230; <a href=\"https:\/\/www.lyonmag.com\/article\/95808\/manifestation-place-carnot-ce-samedi-pour-lutter-contre-les-ecrans-de-publicites-dans-les-espaces-publics\"><strong><em>LIRE LA SUITE<\/em><\/strong><\/a>.<strong><br \/>\n<\/strong><\/p>\n<p>&nbsp;<\/p>\n<p><strong><img loading=\"lazy\" decoding=\"async\" src=\"http:\/\/collectifpleinlavue.org\/wp-content\/uploads\/2018\/06\/Logo-Mediacites-e1529357599941-300x102.jpg\" alt=\"\" class=\"alignleft wp-image-874\" width=\"250\" height=\"85\" srcset=\"https:\/\/collectifpleinlavue.org\/wp-content\/uploads\/2018\/06\/Logo-Mediacites-e1529357599941-300x102.jpg 300w, https:\/\/collectifpleinlavue.org\/wp-content\/uploads\/2018\/06\/Logo-Mediacites-e1529357599941-768x262.jpg 768w, https:\/\/collectifpleinlavue.org\/wp-content\/uploads\/2018\/06\/Logo-Mediacites-e1529357599941.jpg 827w\" sizes=\"(max-width: 250px) 100vw, 250px\" \/>13 juin 2018 &#8211; Ce que cachent les nouveaux V\u00e9lo\u2019v du Grand Lyon<\/strong>. JC Decaux a re-sign\u00e9 pour quinze ans l\u2019exploitation des v\u00e9los lyonnais en libre-service. Avec ce nouveau contrat, au chiffre d&rsquo;affaires estim\u00e9 \u00e0 378 millions d\u2019euros&#8230; LIRE LA SUITE <a href=\"https:\/\/www.mediacites.fr\/lyon\/decryptage-lyon\/2018\/06\/13\/ce-que-cachent-les-nouveaux-velov-du-grand-lyon\/\"><strong><em>abonn\u00e9s<\/em><\/strong><\/a> et <a href=\"http:\/\/collectifpleinlavue.org\/wp-content\/uploads\/2018\/07\/2018-06-13-Mediacites.pdf\"><strong><em>non abonn\u00e9s<\/em><\/strong><\/a>.<\/p>\n<p>&nbsp;<\/p>\n<p><img decoding=\"async\" src=\"http:\/\/collectifpleinlavue.org\/wp-content\/uploads\/2018\/01\/Logo-le-progres-300x125.jpg\" alt=\"\" class=\"alignleft wp-image-359\" width=\"210\" height=\"88\" srcset=\"https:\/\/collectifpleinlavue.org\/wp-content\/uploads\/2018\/01\/Logo-le-progres-300x125.jpg 300w, https:\/\/collectifpleinlavue.org\/wp-content\/uploads\/2018\/01\/Logo-le-progres-768x321.jpg 768w, https:\/\/collectifpleinlavue.org\/wp-content\/uploads\/2018\/01\/Logo-le-progres-1024x428.jpg 1024w, https:\/\/collectifpleinlavue.org\/wp-content\/uploads\/2018\/01\/Logo-le-progres.jpg 1196w\" sizes=\"(max-width: 210px) 100vw, 210px\" \/><strong>8 juin 2018 &#8211; L&rsquo;affichage publicitaire n&rsquo;est pas qu&rsquo;une affaire priv\u00e9e.<\/strong> La ville (de Villeurbanne) vient de voter les tarifs de la taxe locale sur la publicit\u00e9 ext\u00e9rieure pour les trois ann\u00e9es \u00e0 venir. Dans la ligne de mire&#8230; <a href=\"http:\/\/collectifpleinlavue.org\/wp-content\/uploads\/2018\/06\/2018-06-08-Le-Progres.pdf\"><strong><em>LIRE LA SUITE<\/em><\/strong><\/a>.<\/p>\n","protected":false},"excerpt":{"rendered":"<p>En Juin : France 3, Le Progr\u00e8s, M\u00e9diacit\u00e9s, Lyon Capitale, Lyon Premi\u00e8re, Lyon Mag, Rue 89 Lyon&#8230; &nbsp; 26 juin 2018 &#8211; Combien et quel type de panneaux publicitaires dans l\u2019espace public\u00a0? Revue d\u2019opinions \u00e0 la M\u00e9tropole de Lyon. De quelle taille, \u00e0 quels endroits ? Des panneaux publicitaires num\u00e9riques dans l\u2019espace public ou non [&hellip;]<\/p>\n","protected":false},"author":2,"featured_media":876,"comment_status":"closed","ping_status":"open","sticky":false,"template":"","format":"standard","meta":{"footnotes":""},"categories":[6,7,12],"tags":[],"class_list":["post-870","post","type-post","status-publish","format-standard","has-post-thumbnail","hentry","category-info","category-news","category-revue-de-presse"],"blocksy_meta":[],"_links":{"self":[{"href":"https:\/\/collectifpleinlavue.org\/index.php\/wp-json\/wp\/v2\/posts\/870","targetHints":{"allow":["GET"]}}],"collection":[{"href":"https:\/\/collectifpleinlavue.org\/index.php\/wp-json\/wp\/v2\/posts"}],"about":[{"href":"https:\/\/collectifpleinlavue.org\/index.php\/wp-json\/wp\/v2\/types\/post"}],"author":[{"embeddable":true,"href":"https:\/\/collectifpleinlavue.org\/index.php\/wp-json\/wp\/v2\/users\/2"}],"replies":[{"embeddable":true,"href":"https:\/\/collectifpleinlavue.org\/index.php\/wp-json\/wp\/v2\/comments?post=870"}],"version-history":[{"count":8,"href":"https:\/\/collectifpleinlavue.org\/index.php\/wp-json\/wp\/v2\/posts\/870\/revisions"}],"predecessor-version":[{"id":912,"href":"https:\/\/collectifpleinlavue.org\/index.php\/wp-json\/wp\/v2\/posts\/870\/revisions\/912"}],"wp:featuredmedia":[{"embeddable":true,"href":"https:\/\/collectifpleinlavue.org\/index.php\/wp-json\/wp\/v2\/media\/876"}],"wp:attachment":[{"href":"https:\/\/collectifpleinlavue.org\/index.php\/wp-json\/wp\/v2\/media?parent=870"}],"wp:term":[{"taxonomy":"category","embeddable":true,"href":"https:\/\/collectifpleinlavue.org\/index.php\/wp-json\/wp\/v2\/categories?post=870"},{"taxonomy":"post_tag","embeddable":true,"href":"https:\/\/collectifpleinlavue.org\/index.php\/wp-json\/wp\/v2\/tags?post=870"}],"curies":[{"name":"wp","href":"https:\/\/api.w.org\/{rel}","templated":true}]}}