{"id":779,"date":"2018-05-14T10:30:16","date_gmt":"2018-05-14T08:30:16","guid":{"rendered":"http:\/\/collectifpleinlavue.org\/?p=779"},"modified":"2018-05-14T14:10:19","modified_gmt":"2018-05-14T12:10:19","slug":"plein-la-vue-presente-son-kit-militant","status":"publish","type":"post","link":"https:\/\/collectifpleinlavue.org\/index.php\/2018\/05\/14\/plein-la-vue-presente-son-kit-militant\/","title":{"rendered":"Plein la vue vous pr\u00e9sente son Kit Militant !"},"content":{"rendered":"<p>Depuis bient\u00f4t six mois, le collectif Plein la vue s&rsquo;efforce de sensibiliser les habitants du Grand Lyon quant \u00e0 la place de la publicit\u00e9 dans l&rsquo;espace public. Cela se traduit par des actions dans les rues (toujours non violentes et l\u00e9gales), des r\u00e9unions publiques, des formations ouvertes \u00e0 toutes et tous&#8230; Nouvelle \u00e9tape : le \u00ab\u00a0Kit Militant\u00a0\u00bb !<\/p>\n<p>En 11 fiches th\u00e9matiques, informez-vous, formez-vous sur la question de la publicit\u00e9 dans l&rsquo;espace public ! Avec ce Kit, vous serez fins pr\u00eats pour r\u00e9pondre \u00e0 toutes les questions que vous vous posez&#8230; et toutes les questions que vos contradicteurs vous poseront !<\/p>\n<p>Ce Kit est gratuit, et \u00e0 diffuser&#8230; alors n&rsquo;h\u00e9sitez pas : lisez-le, exercez-vous avec vos amis, vos voisins, vos \u00e9lus, vos commer\u00e7ants&#8230; et faites tourner !<\/p>\n<p>Le sommaire :<\/p>\n<ul>\n<li>Pr\u00e9sentation du Collectif Plein la vue<\/li>\n<li>Historique de la publicit\u00e9<\/li>\n<li>Contexte local<\/li>\n<li>RLPI (R\u00e8glement local de publicit\u00e9 intercommunal)<\/li>\n<li>Argumentaire<\/li>\n<li>Questions-r\u00e9ponses<\/li>\n<li>Rencontre avec les \u00e9lus<\/li>\n<li>Courriers aux \u00e9lus<\/li>\n<li>Grenoble<\/li>\n<li>Courrier \u00e0 David Kimelfeld<\/li>\n<li>P\u00e9tition \u00ab\u00a0Des arbres, pas des pubs !\u00a0\u00bb<\/li>\n<\/ul>\n<p><a href=\"http:\/\/collectifpleinlavue.org\/wp-content\/uploads\/2018\/05\/KIT-MILITANT-1.pdf\">Le KIT : cliquez sur l&rsquo;image :<\/a><a href=\"http:\/\/collectifpleinlavue.org\/wp-content\/uploads\/2018\/05\/KIT-MILITANT-1.pdf\"><img decoding=\"async\" src=\"http:\/\/collectifpleinlavue.org\/wp-content\/uploads\/2018\/05\/KIT_MILITANT.1-page-001-150x150.jpeg\" alt=\"\" class=\"aligncenter wp-image-783\" width=\"200\" height=\"145\" srcset=\"https:\/\/collectifpleinlavue.org\/wp-content\/uploads\/2018\/05\/KIT_MILITANT.1-page-001-300x217.jpeg 300w, https:\/\/collectifpleinlavue.org\/wp-content\/uploads\/2018\/05\/KIT_MILITANT.1-page-001-768x556.jpeg 768w, https:\/\/collectifpleinlavue.org\/wp-content\/uploads\/2018\/05\/KIT_MILITANT.1-page-001-1024x742.jpeg 1024w, https:\/\/collectifpleinlavue.org\/wp-content\/uploads\/2018\/05\/KIT_MILITANT.1-page-001.jpeg 1238w\" sizes=\"(max-width: 200px) 100vw, 200px\" \/><\/a><\/p>\n<p><em>ps : il reste probablement encore quelques coquilles, n&rsquo;h\u00e9sitez pas \u00e0 nous faire un retour si vous en trouvez.<\/em><\/p>\n","protected":false},"excerpt":{"rendered":"<p>Depuis bient\u00f4t six mois, le collectif Plein la vue s&rsquo;efforce de sensibiliser les habitants du Grand Lyon quant \u00e0 la place de la publicit\u00e9 dans l&rsquo;espace public. Cela se traduit par des actions dans les rues (toujours non violentes et l\u00e9gales), des r\u00e9unions publiques, des formations ouvertes \u00e0 toutes et tous&#8230; Nouvelle \u00e9tape : le [&hellip;]<\/p>\n","protected":false},"author":2,"featured_media":785,"comment_status":"closed","ping_status":"open","sticky":false,"template":"","format":"standard","meta":{"footnotes":""},"categories":[6,7,1],"tags":[40],"class_list":["post-779","post","type-post","status-publish","format-standard","has-post-thumbnail","hentry","category-info","category-news","category-non-classe","tag-kit-militant"],"blocksy_meta":[],"_links":{"self":[{"href":"https:\/\/collectifpleinlavue.org\/index.php\/wp-json\/wp\/v2\/posts\/779","targetHints":{"allow":["GET"]}}],"collection":[{"href":"https:\/\/collectifpleinlavue.org\/index.php\/wp-json\/wp\/v2\/posts"}],"about":[{"href":"https:\/\/collectifpleinlavue.org\/index.php\/wp-json\/wp\/v2\/types\/post"}],"author":[{"embeddable":true,"href":"https:\/\/collectifpleinlavue.org\/index.php\/wp-json\/wp\/v2\/users\/2"}],"replies":[{"embeddable":true,"href":"https:\/\/collectifpleinlavue.org\/index.php\/wp-json\/wp\/v2\/comments?post=779"}],"version-history":[{"count":6,"href":"https:\/\/collectifpleinlavue.org\/index.php\/wp-json\/wp\/v2\/posts\/779\/revisions"}],"predecessor-version":[{"id":790,"href":"https:\/\/collectifpleinlavue.org\/index.php\/wp-json\/wp\/v2\/posts\/779\/revisions\/790"}],"wp:featuredmedia":[{"embeddable":true,"href":"https:\/\/collectifpleinlavue.org\/index.php\/wp-json\/wp\/v2\/media\/785"}],"wp:attachment":[{"href":"https:\/\/collectifpleinlavue.org\/index.php\/wp-json\/wp\/v2\/media?parent=779"}],"wp:term":[{"taxonomy":"category","embeddable":true,"href":"https:\/\/collectifpleinlavue.org\/index.php\/wp-json\/wp\/v2\/categories?post=779"},{"taxonomy":"post_tag","embeddable":true,"href":"https:\/\/collectifpleinlavue.org\/index.php\/wp-json\/wp\/v2\/tags?post=779"}],"curies":[{"name":"wp","href":"https:\/\/api.w.org\/{rel}","templated":true}]}}