{"id":753,"date":"2018-01-01T09:31:54","date_gmt":"2018-01-01T08:31:54","guid":{"rendered":"http:\/\/collectifpleinlavue.org\/?p=753"},"modified":"2018-06-08T09:53:01","modified_gmt":"2018-06-08T07:53:01","slug":"partager-cest-sympa","status":"publish","type":"post","link":"https:\/\/collectifpleinlavue.org\/index.php\/2018\/01\/01\/partager-cest-sympa\/","title":{"rendered":"Partager C&rsquo;est Sympa"},"content":{"rendered":"<p><a href=\"https:\/\/www.facebook.com\/PartagerCestSympa\/\" target=\"_blank\" rel=\"noopener\">Facebook<\/a><\/p>\n<p><a href=\"https:\/\/www.youtube.com\/partagercestsympa\" target=\"_blank\" rel=\"noopener\">Youtube<\/a><\/p>\n<div class=\"_2cuy _3dgx _2vxa\"><span class=\"_4yxo\">Partager c\u2019est Sympa<\/span>, c\u2019est Vincent, Juliette et Victor qui produisent une vid\u00e9o par semaine, rythm\u00e9e et reboostante, avec l&rsquo;espoir qu&rsquo;elle contribue \u00e0 la construction d&rsquo;un avenir plus juste et plus durable pour tous.<\/div>\n<div><\/div>\n<div>C&rsquo;est avec Partager C&rsquo;est Sympa que l&rsquo;on a commenc\u00e9 l&rsquo;aventure de Plein la vue, avec cette vid\u00e9o :<\/div>\n<p><iframe width=\"560\" height=\"315\" src=\"https:\/\/www.youtube.com\/embed\/OaJiFoTjgMg\" frameborder=\"0\" allow=\"autoplay; encrypted-media\" allowfullscreen=\"allowfullscreen\"><\/iframe><\/p>\n<div class=\"_2cuy _3dgx _2vxa\">Concr\u00e8tement, on essaye de faire trois choses :<\/div>\n<div class=\"_2cuy _3dgx _2vxa\">1. Avec <a href=\"https:\/\/www.youtube.com\/playlist?list=PL2U07Dgr_jGVS9lUHpAscSkLtWXv_GOfv\" target=\"_blank\" rel=\"noopener nofollow\" data-lynx-mode=\"asynclazy\" data-lynx-uri=\"https:\/\/l.facebook.com\/l.php?u=https%3A%2F%2Fwww.youtube.com%2Fplaylist%3Flist%3DPL2U07Dgr_jGVS9lUHpAscSkLtWXv_GOfv&amp;h=ATO5IOD7B1LpRfGOWphs4PzISCfndacKg9OYnmuI1rvPUUMT-284vpULR9EvcU8a4knQKUE4XlC0jhHIJSC5JWq1swWsXC4fmmzOLQsVDkGE7IZGNI-fQg\"><span class=\"_4yxo\">le VLOG des Gens qui se Bougent<\/span><\/a><span class=\"_4yxo\">,<\/span> on se balade, cam\u00e9ra au point, au c\u0153ur d&rsquo;un \u00e9v\u00e9nement et mets en lumi\u00e8re et en relation tous les acteurs du changement, principalement en France, pour cr\u00e9er des ponts entre les mondes, organiser la r\u00e9sistance et d\u00e9velopper les alternatives;<\/div>\n<div class=\"_2cuy _3dgx _2vxa\">2. Avec nos vid\u00e9os <a href=\"https:\/\/l.facebook.com\/l.php?u=https%3A%2F%2Fwww.youtube.com%2Fplaylist%3Flist%3DPL2U07Dgr_jGXkeLq5ljXztlR566loCEnO&amp;h=ATMzWG11ErbA7y0S7AqUm9c7yCAxfbGjYZvXioYCH1ayAeA_BGkT2XC-R3acQG-tjqVZknZ_FgoeMfuHFanEk9l9WLWznkPzPlIunCuqAxU4GqvBK_hjQg\" target=\"_blank\" rel=\"noopener nofollow\" data-lynx-mode=\"asynclazy\"><span class=\"_4yxo\">5 TRUCS POUR&#8230;<\/span><\/a> on te fait d\u00e9couvrir un enjeu, on d\u00e9crypte l\u2019information, et on te file des moyens concrets pour t\u2019engager;<\/div>\n<div class=\"_2cuy _3dgx _2vxa\">3. Tout ceci dans l&rsquo;id\u00e9e de <span class=\"_4yxo\">te donner les moyens, et surtout, la motivation<\/span> pour participer \u00e0 des mouvements qui ont besoin de rel\u00e8ve, <span class=\"_4yxo\">pour t&rsquo;engager<\/span> dans les causes sociales et environnementales qui nous animent, notamment l\u2019engagement pour la lutte contre le changement climatique, contre les injustices sociales, la construction de la paix, la non-violence, la citoyennet\u00e9 active, la d\u00e9mocratie participative, l\u2019\u00e9ducation populaire&#8230;<\/div>\n<div class=\"_2cuy _3dgx _2vxa\"><span class=\"_4yxo\">Bref, on est passionn\u00e9, on croit qu&rsquo;on peut r\u00e9ussir \u00e0 faire bouger les choses, et on t&#8217;emm\u00e8ne avec nous tenter le coup !<\/span><\/div>\n","protected":false},"excerpt":{"rendered":"<p>Partager c\u2019est Sympa, c\u2019est Vincent, Juliette et Victor qui produisent une vid\u00e9o par semaine, rythm\u00e9e et reboostante, avec l&rsquo;espoir qu&rsquo;elle contribue \u00e0 la construction d&rsquo;un avenir plus juste et plus durable pour tous.<\/p>\n","protected":false},"author":1,"featured_media":754,"comment_status":"closed","ping_status":"open","sticky":false,"template":"","format":"standard","meta":{"footnotes":""},"categories":[11],"tags":[],"class_list":["post-753","post","type-post","status-publish","format-standard","has-post-thumbnail","hentry","category-signe"],"blocksy_meta":[],"_links":{"self":[{"href":"https:\/\/collectifpleinlavue.org\/index.php\/wp-json\/wp\/v2\/posts\/753","targetHints":{"allow":["GET"]}}],"collection":[{"href":"https:\/\/collectifpleinlavue.org\/index.php\/wp-json\/wp\/v2\/posts"}],"about":[{"href":"https:\/\/collectifpleinlavue.org\/index.php\/wp-json\/wp\/v2\/types\/post"}],"author":[{"embeddable":true,"href":"https:\/\/collectifpleinlavue.org\/index.php\/wp-json\/wp\/v2\/users\/1"}],"replies":[{"embeddable":true,"href":"https:\/\/collectifpleinlavue.org\/index.php\/wp-json\/wp\/v2\/comments?post=753"}],"version-history":[{"count":3,"href":"https:\/\/collectifpleinlavue.org\/index.php\/wp-json\/wp\/v2\/posts\/753\/revisions"}],"predecessor-version":[{"id":857,"href":"https:\/\/collectifpleinlavue.org\/index.php\/wp-json\/wp\/v2\/posts\/753\/revisions\/857"}],"wp:featuredmedia":[{"embeddable":true,"href":"https:\/\/collectifpleinlavue.org\/index.php\/wp-json\/wp\/v2\/media\/754"}],"wp:attachment":[{"href":"https:\/\/collectifpleinlavue.org\/index.php\/wp-json\/wp\/v2\/media?parent=753"}],"wp:term":[{"taxonomy":"category","embeddable":true,"href":"https:\/\/collectifpleinlavue.org\/index.php\/wp-json\/wp\/v2\/categories?post=753"},{"taxonomy":"post_tag","embeddable":true,"href":"https:\/\/collectifpleinlavue.org\/index.php\/wp-json\/wp\/v2\/tags?post=753"}],"curies":[{"name":"wp","href":"https:\/\/api.w.org\/{rel}","templated":true}]}}