{"id":726,"date":"2018-04-26T18:44:05","date_gmt":"2018-04-26T16:44:05","guid":{"rendered":"http:\/\/collectifpleinlavue.org\/?p=726"},"modified":"2018-04-30T20:10:39","modified_gmt":"2018-04-30T18:10:39","slug":"revue-de-presse-avril-2018","status":"publish","type":"post","link":"https:\/\/collectifpleinlavue.org\/index.php\/2018\/04\/26\/revue-de-presse-avril-2018\/","title":{"rendered":"Revue de presse \u2013 Avril 2018"},"content":{"rendered":"<p><strong>En mars : La Tribune de Lyon, Les Potins d&rsquo;Ang\u00e8le, Graph\u00e9ine, Le Progr\u00e8s&#8230;<\/strong><\/p>\n<p>&nbsp;<\/p>\n<p><img decoding=\"async\" src=\"http:\/\/collectifpleinlavue.org\/wp-content\/uploads\/2018\/01\/Logo-le-progres-300x125.jpg\" alt=\"\" class=\"alignleft wp-image-359\" width=\"210\" height=\"88\" srcset=\"https:\/\/collectifpleinlavue.org\/wp-content\/uploads\/2018\/01\/Logo-le-progres-300x125.jpg 300w, https:\/\/collectifpleinlavue.org\/wp-content\/uploads\/2018\/01\/Logo-le-progres-768x321.jpg 768w, https:\/\/collectifpleinlavue.org\/wp-content\/uploads\/2018\/01\/Logo-le-progres-1024x428.jpg 1024w, https:\/\/collectifpleinlavue.org\/wp-content\/uploads\/2018\/01\/Logo-le-progres.jpg 1196w\" sizes=\"(max-width: 210px) 100vw, 210px\" \/><strong>\u00a029 avril 2018 : Quand la publicit\u00e9 envahit l&rsquo;espace public.<\/strong> Oriflammes, affichages sauvages : la publicit\u00e9 grignote du terrain sur l&rsquo;espace public. Parfois en toute ill\u00e9galit\u00e9&#8230; <a href=\"http:\/\/collectifpleinlavue.org\/wp-content\/uploads\/2018\/04\/2018-04-29-Le-Progres.png\"><em><strong>LIRE LA SUITE<\/strong><\/em><\/a>.<\/p>\n<p>&nbsp;<\/p>\n<p><img decoding=\"async\" src=\"http:\/\/collectifpleinlavue.org\/wp-content\/uploads\/2018\/04\/logo-grapheine-300x50.gif\" alt=\"\" class=\"alignleft wp-image-735\" width=\"250\" height=\"42\" srcset=\"https:\/\/collectifpleinlavue.org\/wp-content\/uploads\/2018\/04\/logo-grapheine-300x50.gif 300w, https:\/\/collectifpleinlavue.org\/wp-content\/uploads\/2018\/04\/logo-grapheine-768x128.gif 768w\" sizes=\"(max-width: 250px) 100vw, 250px\" \/><strong>27 avril 2018 : Et si on disait non aux \u00e9crans vid\u00e9os publicitaires dans l\u2019espace public ? <\/strong>Au pays des sucettes Decaux&#8230; Il est un sujet qui pourrait sembler d\u00e9licat d&rsquo;aborder quand on travaille dans la communication : la question des \u00e9crans vid\u00e9os publicitaires dans l&rsquo;espace public !&#8230; <a href=\"https:\/\/www.grapheine.com\/divers\/non-aux-ecrans-videos-publicitaires-espace-public\"><strong><em>LIRE LA SUITE<\/em><\/strong><\/a>.<\/p>\n<p>&nbsp;<\/p>\n<p><img decoding=\"async\" src=\"http:\/\/collectifpleinlavue.org\/wp-content\/uploads\/2018\/04\/logo-Les-Potins-dAnge\u0300le.bmp\" alt=\"\" class=\"alignleft wp-image-729\" width=\"150\" height=\"154\" \/><strong>26 avril 2018 &#8211; Pub : \u00ab\u00a0Plein la vue\u00a0\u00bb contre les panneaux num\u00e9riques.<\/strong> L&rsquo;arriv\u00e9e des panneaux num\u00e9riques est pr\u00e9vue en 2020 en \u00e9change de v\u00e9los \u00e9lectriques. Avec ses amis du collectif \u00ab\u00a0Plein la vue, Benjamin Badouard est vent debout contre la publicit\u00e9 qui envahit nos murs et nos trottoirs&#8230; <a href=\"http:\/\/collectifpleinlavue.org\/wp-content\/uploads\/2018\/04\/2018-04-26-Les-Potins-dAngele.pdf\"><strong><em>LIRE LA SUITE<\/em><\/strong><\/a>.<\/p>\n<p>&nbsp;<\/p>\n<p>&nbsp;<\/p>\n<p><img loading=\"lazy\" decoding=\"async\" src=\"http:\/\/collectifpleinlavue.org\/wp-content\/uploads\/2018\/04\/Logo-Tribune-Lyon-e1524760944757.png\" alt=\"\" class=\"alignleft wp-image-730\" width=\"160\" height=\"121\" \/><strong><\/strong><\/p>\n<p><strong>18 avril 2018 &#8211; Pour les anti-pubs c&rsquo;est le moment o\u00f9 jamais de se faire entendre.<\/strong> Dans les mois qui viennent, la M\u00e9tropole va adopter son r\u00e8glement local de publicit\u00e9 qui figera le sujet pour une dizaine d&rsquo;ann\u00e9es. En quatre mois d&rsquo;existence, Plein la vue a su se faire connaitre des lyonnais&#8230; <a href=\"http:\/\/collectifpleinlavue.org\/wp-content\/uploads\/2018\/04\/2018-04-18-La-Tribune-de-Lyon.pdf\"><strong><em>LIRE LA SUITE<\/em><\/strong><\/a>.<\/p>\n<p>&nbsp;<\/p>\n<p>&nbsp;<\/p>\n","protected":false},"excerpt":{"rendered":"<p>En mars : La Tribune de Lyon, Les Potins d&rsquo;Ang\u00e8le, Graph\u00e9ine, Le Progr\u00e8s&#8230; &nbsp; \u00a029 avril 2018 : Quand la publicit\u00e9 envahit l&rsquo;espace public. Oriflammes, affichages sauvages : la publicit\u00e9 grignote du terrain sur l&rsquo;espace public. Parfois en toute ill\u00e9galit\u00e9&#8230; LIRE LA SUITE. &nbsp; 27 avril 2018 : Et si on disait non aux \u00e9crans [&hellip;]<\/p>\n","protected":false},"author":2,"featured_media":731,"comment_status":"closed","ping_status":"open","sticky":false,"template":"","format":"standard","meta":{"footnotes":""},"categories":[6,7,1,12],"tags":[],"class_list":["post-726","post","type-post","status-publish","format-standard","has-post-thumbnail","hentry","category-info","category-news","category-non-classe","category-revue-de-presse"],"blocksy_meta":[],"_links":{"self":[{"href":"https:\/\/collectifpleinlavue.org\/index.php\/wp-json\/wp\/v2\/posts\/726","targetHints":{"allow":["GET"]}}],"collection":[{"href":"https:\/\/collectifpleinlavue.org\/index.php\/wp-json\/wp\/v2\/posts"}],"about":[{"href":"https:\/\/collectifpleinlavue.org\/index.php\/wp-json\/wp\/v2\/types\/post"}],"author":[{"embeddable":true,"href":"https:\/\/collectifpleinlavue.org\/index.php\/wp-json\/wp\/v2\/users\/2"}],"replies":[{"embeddable":true,"href":"https:\/\/collectifpleinlavue.org\/index.php\/wp-json\/wp\/v2\/comments?post=726"}],"version-history":[{"count":6,"href":"https:\/\/collectifpleinlavue.org\/index.php\/wp-json\/wp\/v2\/posts\/726\/revisions"}],"predecessor-version":[{"id":740,"href":"https:\/\/collectifpleinlavue.org\/index.php\/wp-json\/wp\/v2\/posts\/726\/revisions\/740"}],"wp:featuredmedia":[{"embeddable":true,"href":"https:\/\/collectifpleinlavue.org\/index.php\/wp-json\/wp\/v2\/media\/731"}],"wp:attachment":[{"href":"https:\/\/collectifpleinlavue.org\/index.php\/wp-json\/wp\/v2\/media?parent=726"}],"wp:term":[{"taxonomy":"category","embeddable":true,"href":"https:\/\/collectifpleinlavue.org\/index.php\/wp-json\/wp\/v2\/categories?post=726"},{"taxonomy":"post_tag","embeddable":true,"href":"https:\/\/collectifpleinlavue.org\/index.php\/wp-json\/wp\/v2\/tags?post=726"}],"curies":[{"name":"wp","href":"https:\/\/api.w.org\/{rel}","templated":true}]}}