{"id":687,"date":"2018-03-22T18:16:05","date_gmt":"2018-03-22T17:16:05","guid":{"rendered":"http:\/\/collectifpleinlavue.org\/?p=687"},"modified":"2018-04-16T18:24:08","modified_gmt":"2018-04-16T16:24:08","slug":"plein-la-vue-participe-a-lanniversaire-de-lamour-eh-oui","status":"publish","type":"post","link":"https:\/\/collectifpleinlavue.org\/index.php\/2018\/03\/22\/plein-la-vue-participe-a-lanniversaire-de-lamour-eh-oui\/","title":{"rendered":"Plein la vue participe \u00e0 l&rsquo;Anniversaire de l&rsquo;amour (eh oui !)"},"content":{"rendered":"<p>Le 10 mars dernier, \u00e0 l\u2019occasion de l\u2019Anniversaire de l\u2019Amour \u00e0 la Maison de l\u2019Environnement de Lyon 7,<strong> le Collectif Plein la Vue a tenu son premier stand ouvert au public.<\/strong><\/p>\n<p>L\u2019Anniversaire de l\u2019Amour ? Les trois ans de <strong>Third of Seven<\/strong>, association lyonnaise sp\u00e9cialis\u00e9e en p\u00e2tisseries v\u00e9g\u00e9tales, ateliers cuisine, brunchs. Le premier anniversaire <strong>des Boites \u00e0 Partage<\/strong> que vous avez peut-\u00eatre vu fleurir sur Lyon et ses alentours. Et une bonne dizaine de stands associatifs avec un sujet commun, le respect de l\u2019humain et de l\u2019environnement.<\/p>\n<p>Le Collectif Plein la Vue, accompagn\u00e9 de la R.A.P. Lyon (R\u00e9sistance \u00e0 l\u2019Agression Publicitaire), a pu pr\u00e9senter concr\u00e8tement :<\/p>\n<ul>\n<li>Le premier cahier du Grand Lyon, datant de janvier 2018, sur la concertation publique pour l\u2019\u00e9laboration du R\u00e8glement Local de Publicit\u00e9 Intercommunal.<\/li>\n<li>L\u2019objectif de Plein la Vue en r\u00e9ponse \u00e0 cette concertation publique : lib\u00e9rer les espaces publics de la pression publicitaire.<\/li>\n<li>Le site internet Plein la Vue permettant \u00e0 tous ceux qui le souhaitent de mener deux actions : signer la p\u00e9tition en ligne et envoyer un courriel au Grand Lyon en cochant les arguments qui leur tiennent \u00e0 c\u0153ur, facilement en quelques clics.<\/li>\n<li>Cette m\u00eame p\u00e9tition sur papier, sign\u00e9e sur place et la possibilit\u00e9 de laisser son mail pour \u00eatre tenu au courant des futurs \u00e9v\u00e9nements.<\/li>\n<li>Les actions non-violentes men\u00e9es conjointement avec la R.A.P. Lyon.<\/li>\n<li>Les pages sur les r\u00e9seaux sociaux, Collectif Plein la Vue et R\u00e9sistance \u00e0 l\u2019Agression Publicitaire &#8211; Lyon, permettant de communiquer sur les futurs \u00e9v\u00e9nements publics et donc ouverts \u00e0 tous.<\/li>\n<\/ul>\n<p><img fetchpriority=\"high\" decoding=\"async\" src=\"http:\/\/collectifpleinlavue.org\/wp-content\/uploads\/2018\/04\/photo-3-par-Maxence-10.03.2018-1024x768.jpeg\" alt=\"\" class=\"aligncenter wp-image-689 size-large\" width=\"750\" height=\"563\" srcset=\"https:\/\/collectifpleinlavue.org\/wp-content\/uploads\/2018\/04\/photo-3-par-Maxence-10.03.2018-1024x768.jpeg 1024w, https:\/\/collectifpleinlavue.org\/wp-content\/uploads\/2018\/04\/photo-3-par-Maxence-10.03.2018-300x225.jpeg 300w, https:\/\/collectifpleinlavue.org\/wp-content\/uploads\/2018\/04\/photo-3-par-Maxence-10.03.2018-768x576.jpeg 768w\" sizes=\"(max-width: 750px) 100vw, 750px\" \/><\/p>\n<p>Plusieurs personnes ont fait part de leur d\u00e9sarroi quant aux panneaux vid\u00e9o qui sont en train d\u2019envahir le r\u00e9seau de Transports en Commun Lyonnais. Il s\u2019agit cependant d\u2019un contrat r\u00e9cemment sign\u00e9 pour 7 ans n\u2019entrant pas dans le cadre du RLPi. Nous n\u2019avons pas la solution mais des discussions en r\u00e9union permettent de mettre \u00e0 jour des voies possibles.<\/p>\n<p>L\u2019un des objectifs du Collectif Plein la Vue est que ce type de support ne devienne pas \u00ab normal \u00bb en surface. Il n\u2019est pas envisageable d\u2019exposer quotidiennement petits et grands \u00e0 ces peanneaux hypnotisants.<\/p>\n<p>Le Collectif a \u00e9galement pu \u00e9changer avec des artisans et commer\u00e7ants. L\u2019objectif n\u2019est pas de les emp\u00eacher de se faire conna\u00eetre puisque si nous regardons ce qui se passent dans nos rues, les publicit\u00e9s surdimensionn\u00e9es, lumineuses\u2026 ne sont pas en leur faveur mais en faveur de grandes entreprises par ailleurs d\u00e9j\u00e0 tr\u00e8s pr\u00e9sentes dans l\u2019audiovisuel.<\/p>\n<p>Quelques flyers (imprim\u00e9s sur papier recycl\u00e9 !) et des stop pub pour boites aux lettres ont \u00e9t\u00e9 distribu\u00e9s avec plaisir au cours des \u00e9changes. On d\u00e9borde de l\u2019objectif initial tout en restant dans le sujet : moins de pub, plus de tranquillit\u00e9.<\/p>\n<p>Un Grand Merci \u00e0 Third of Seven et Les Boites \u00e0 Partage pour leur accueil et leur confiance. Ce fut une excellente journ\u00e9e pleine de belles rencontres<\/p>\n<p><em>Petit mot de la fin, pas besoin d\u2019une carte de membre pour rejoindre le Collectif Plein la Vue, il suffit de se sentir concern\u00e9 par le sujet et de se laisser emporter par l\u2019\u00e9nergie positive du groupe. Au plaisir de vous rencontrer !<\/em><\/p>\n","protected":false},"excerpt":{"rendered":"<p>Le 10 mars dernier, \u00e0 l\u2019occasion de l\u2019Anniversaire de l\u2019Amour \u00e0 la Maison de l\u2019Environnement de Lyon 7, le Collectif Plein la Vue a tenu son premier stand ouvert au public. L\u2019Anniversaire de l\u2019Amour ? Les trois ans de Third of Seven, association lyonnaise sp\u00e9cialis\u00e9e en p\u00e2tisseries v\u00e9g\u00e9tales, ateliers cuisine, brunchs. Le premier anniversaire des [&hellip;]<\/p>\n","protected":false},"author":2,"featured_media":688,"comment_status":"closed","ping_status":"open","sticky":false,"template":"","format":"standard","meta":{"footnotes":""},"categories":[8,7],"tags":[],"class_list":["post-687","post","type-post","status-publish","format-standard","has-post-thumbnail","hentry","category-actions","category-news"],"blocksy_meta":[],"_links":{"self":[{"href":"https:\/\/collectifpleinlavue.org\/index.php\/wp-json\/wp\/v2\/posts\/687","targetHints":{"allow":["GET"]}}],"collection":[{"href":"https:\/\/collectifpleinlavue.org\/index.php\/wp-json\/wp\/v2\/posts"}],"about":[{"href":"https:\/\/collectifpleinlavue.org\/index.php\/wp-json\/wp\/v2\/types\/post"}],"author":[{"embeddable":true,"href":"https:\/\/collectifpleinlavue.org\/index.php\/wp-json\/wp\/v2\/users\/2"}],"replies":[{"embeddable":true,"href":"https:\/\/collectifpleinlavue.org\/index.php\/wp-json\/wp\/v2\/comments?post=687"}],"version-history":[{"count":2,"href":"https:\/\/collectifpleinlavue.org\/index.php\/wp-json\/wp\/v2\/posts\/687\/revisions"}],"predecessor-version":[{"id":691,"href":"https:\/\/collectifpleinlavue.org\/index.php\/wp-json\/wp\/v2\/posts\/687\/revisions\/691"}],"wp:featuredmedia":[{"embeddable":true,"href":"https:\/\/collectifpleinlavue.org\/index.php\/wp-json\/wp\/v2\/media\/688"}],"wp:attachment":[{"href":"https:\/\/collectifpleinlavue.org\/index.php\/wp-json\/wp\/v2\/media?parent=687"}],"wp:term":[{"taxonomy":"category","embeddable":true,"href":"https:\/\/collectifpleinlavue.org\/index.php\/wp-json\/wp\/v2\/categories?post=687"},{"taxonomy":"post_tag","embeddable":true,"href":"https:\/\/collectifpleinlavue.org\/index.php\/wp-json\/wp\/v2\/tags?post=687"}],"curies":[{"name":"wp","href":"https:\/\/api.w.org\/{rel}","templated":true}]}}