{"id":684,"date":"2018-01-01T14:11:04","date_gmt":"2018-01-01T13:11:04","guid":{"rendered":"http:\/\/collectifpleinlavue.org\/?p=684"},"modified":"2018-04-11T14:13:16","modified_gmt":"2018-04-11T12:13:16","slug":"chretiens-unis-pour-la-terre","status":"publish","type":"post","link":"https:\/\/collectifpleinlavue.org\/index.php\/2018\/01\/01\/chretiens-unis-pour-la-terre\/","title":{"rendered":"Chr\u00e9tiens unis pour la terre"},"content":{"rendered":"<p><a href=\"https:\/\/chretiensunispourlaterre.wordpress.com\/\">site web<\/a><\/p>\n<p><i>Chr\u00e9tiens unis pour la terre<\/i>\u00a0est un carrefour \u0153cum\u00e9nique pour progresser ensemble dans le respect de la Cr\u00e9ation par la pri\u00e8re, la conversion de nos styles de vie et l\u2019action commune dans l\u2019Eglise et le monde.<br \/>\nDepuis 2012, CUT propose des outils pour le\u00a0<i>Temps pour la Cr\u00e9ation\u00a0<\/i>en septembre, un accompagnement \u00e0 un\u00a0<i>Car\u00eame pour la terre,\u00a0<\/i>pour vivre un car\u00eame \u00e9cologique. En 2015, CUT a aussi lanc\u00e9 le\u00a0<i>Je\u00fbne pour le climat<\/i>\u00a0et co-organis\u00e9 les\u00a0<i>Assises chr\u00e9tiennes de l\u2019\u00e9cologie<\/i>\u00ab\u00a0.<\/p>\n<p>Si vous avez envie d\u2019agir pr\u00e8s de chez vous mais de vous ressourcer, d\u2019alimenter vos informations et partager votre engagement, soyez les bienvenus !<\/p>\n<p>Pour commencer, une newsletter mensuelle est diffus\u00e9e aux personnes qui en font la demande sur l\u2019actualit\u00e9 des chr\u00e9tiens et de l\u2019\u00e9cologie.<\/p>\n","protected":false},"excerpt":{"rendered":"<p>Chr\u00e9tiens unis pour la terre\u00a0est un carrefour \u0153cum\u00e9nique pour progresser ensemble dans le respect de la Cr\u00e9ation par la pri\u00e8re, la conversion de nos styles de vie et l\u2019action commune dans l\u2019Eglise et le monde.\u00a0<\/p>\n","protected":false},"author":1,"featured_media":685,"comment_status":"closed","ping_status":"open","sticky":false,"template":"","format":"standard","meta":{"footnotes":""},"categories":[11],"tags":[],"class_list":["post-684","post","type-post","status-publish","format-standard","has-post-thumbnail","hentry","category-signe"],"blocksy_meta":[],"_links":{"self":[{"href":"https:\/\/collectifpleinlavue.org\/index.php\/wp-json\/wp\/v2\/posts\/684","targetHints":{"allow":["GET"]}}],"collection":[{"href":"https:\/\/collectifpleinlavue.org\/index.php\/wp-json\/wp\/v2\/posts"}],"about":[{"href":"https:\/\/collectifpleinlavue.org\/index.php\/wp-json\/wp\/v2\/types\/post"}],"author":[{"embeddable":true,"href":"https:\/\/collectifpleinlavue.org\/index.php\/wp-json\/wp\/v2\/users\/1"}],"replies":[{"embeddable":true,"href":"https:\/\/collectifpleinlavue.org\/index.php\/wp-json\/wp\/v2\/comments?post=684"}],"version-history":[{"count":1,"href":"https:\/\/collectifpleinlavue.org\/index.php\/wp-json\/wp\/v2\/posts\/684\/revisions"}],"predecessor-version":[{"id":686,"href":"https:\/\/collectifpleinlavue.org\/index.php\/wp-json\/wp\/v2\/posts\/684\/revisions\/686"}],"wp:featuredmedia":[{"embeddable":true,"href":"https:\/\/collectifpleinlavue.org\/index.php\/wp-json\/wp\/v2\/media\/685"}],"wp:attachment":[{"href":"https:\/\/collectifpleinlavue.org\/index.php\/wp-json\/wp\/v2\/media?parent=684"}],"wp:term":[{"taxonomy":"category","embeddable":true,"href":"https:\/\/collectifpleinlavue.org\/index.php\/wp-json\/wp\/v2\/categories?post=684"},{"taxonomy":"post_tag","embeddable":true,"href":"https:\/\/collectifpleinlavue.org\/index.php\/wp-json\/wp\/v2\/tags?post=684"}],"curies":[{"name":"wp","href":"https:\/\/api.w.org\/{rel}","templated":true}]}}