{"id":644,"date":"2018-03-25T23:46:31","date_gmt":"2018-03-25T21:46:31","guid":{"rendered":"http:\/\/collectifpleinlavue.org\/?p=644"},"modified":"2018-03-28T16:17:52","modified_gmt":"2018-03-28T14:17:52","slug":"150-personnes-ont-fait-la-fete-a-la-pub-dans-les-rues-de-lyon","status":"publish","type":"post","link":"https:\/\/collectifpleinlavue.org\/index.php\/2018\/03\/25\/150-personnes-ont-fait-la-fete-a-la-pub-dans-les-rues-de-lyon\/","title":{"rendered":"Communiqu\u00e9 de presse : 150 personnes ont fait la f\u00eate \u00e0 la pub dans les rues de Lyon !"},"content":{"rendered":"<p><span style=\"font-family: Arial, sans-serif;\" face=\"Arial, sans-serif\">Dimanche 25 mars apr\u00e8s-midi, 150 personnes ont d\u00e9fil\u00e9 dans les rues de Lyon sous le slogan \u00ab\u00a0Des arbres pas des pubs\u00a0!\u00a0\u00bb pour demander la diminution de la pression publicitaire dans le Grand Lyon. <\/span><\/p>\n<p><span style=\"font-family: Arial, sans-serif;\" face=\"Arial, sans-serif\"> Pour Marjorie Maquet, membre du collectif, <i>\u00ab \u00c0 <\/i><i>l\u2019occasion de<\/i><i> la journ\u00e9e mondiale contre la publicit\u00e9 nous avons organis\u00e9 <\/i><i>une<\/i><i> d\u00e9ambulation festive dans les rues de Lyon. <\/i><i>Nous sommes heureux d\u2019avoir vu autant de monde se mobiliser pour une premi\u00e8re<\/i><i>\u00a0: <\/i><i>une manifestation sur <\/i><i>la place de la publicit\u00e9 dans l\u2019espace public. <\/i><\/span><\/p>\n<p><span style=\"font-family: Arial, sans-serif;\" face=\"Arial, sans-serif\"><i> <\/i><i>Selon<\/i><i> nous, l\u2019espace public doit appartenir aux citoyens, pas \u00e0 des <\/i><i>grands groupes<\/i><i> qui nous vendent leurs produits. <\/i><i>La notion d\u2019espace public est tr\u00e8s important car<\/i><i> si <\/i><i>l\u2019<\/i><i>on peut avoir le choix d\u2019\u00e9teindre sa t\u00e9l\u00e9 ou internet, de refermer son journal, et donc de ne pas voir ces pubs, l\u00e0 dans la rue, la publicit\u00e9 nous est impos\u00e9e. Les \u00e9lus <\/i><i>doivent<\/i><i> <\/i><i>r\u00e9pondre aux aspirations des citoyens sur cette question<\/i><i> <\/i><i>\u00bb<\/i>.<\/span><\/p>\n<p><span style=\"font-family: Arial, sans-serif;\" face=\"Arial, sans-serif\">Emmanuel Keokosal et Valentin Mign\u00e9, responsables du groupe local de R\u00e9sistance \u00e0 l\u2019agression publicitaire (RAP), co-organisateur de cette journ\u00e9e, se montraient \u00e9galement tr\u00e8s satisfaits du d\u00e9roul\u00e9\u00a0: <i>\u00ab\u00a0Une tr\u00e8s bonne ambiance, au soleil, avec des chants, des recouvrements de panneaux, des distributions de tracts, des signatures de p\u00e9tition, la prise de parole d\u2019associations soutenant le collectif\u2026 et un acte symbolique\u00a0: la plantation d\u2019arbres devant un panneau publicitaire\u00a0\u00bb<\/i>.<\/span><\/p>\n<p><span style=\"font-family: Arial, sans-serif;\" face=\"Arial, sans-serif\">Pour Benjamin Badouard, membre du collectif, <i>\u00ab\u00a0la tr\u00e8s grande majorit\u00e9 des personnes crois\u00e9es soutenaient notre action. Nous \u00e9tions accueillis avec le sourire et des remerciements\u2026 <\/i><i>Il serait temps que les \u00e9lus du Grand Lyon \u00e9coutent ces citoyens, <\/i><i>qui souhaitent simplement des espaces lib\u00e9r\u00e9s de ces injonctions \u00e0 consommer, un cadre de vie apais\u00e9, des villes embellies<\/i><i>\u00a0\u00bb. <\/i><\/span><\/p>\n<p align=\"center\">\u2013<span style=\"font-family: Arial, sans-serif;\" face=\"Arial, sans-serif\">&#8212;&#8212;&#8212;&#8212;&#8212;&#8212;<\/span><\/p>\n<p><span style=\"font-family: Arial, sans-serif;\" face=\"Arial, sans-serif\">Le collectif Plein la vue sera pr\u00e9sent le 9 avril \u00e0 20h \u00e0 la salle Rancy (Lyon 3\u00e8me) pour un d\u00e9bat sur la place de la publicit\u00e9 dans la ville, organis\u00e9 par le MAN (Mouvement pour une alternative non-violente), avec notamment Lucille Lheureux, adjointe \u00e0 la mairie de Grenoble et Khaled Gaiji, porte-parole de RAP France. <\/span><\/p>\n<p><span style=\"font-family: Arial, sans-serif;\" face=\"Arial, sans-serif\"><span style=\"font-size: small;\" size=\"2\"><span style=\"font-size: medium;\" size=\"3\">Retrouvez quelques <\/span><span style=\"font-size: medium;\" size=\"3\"><\/span><span style=\"font-size: medium;\" size=\"3\"> vid\u00e9os <a href=\"https:\/\/www.facebook.com\/collectifpleinlavue\/videos\/159976571338108\/\">ici<\/a>, <\/span><a href=\"https:\/\/twitter.com\/Coll_Pleinlavue\/status\/977890357945004032\"><span style=\"font-size: medium;\" size=\"3\">l\u00e0<\/span><\/a><span style=\"font-size: medium;\" size=\"3\"> et <a href=\"https:\/\/twitter.com\/tomdoss\/status\/977914815292289025\">l\u00e0<\/a> (d\u2019autres vid\u00e9os et albums photos suivront prochainement sur les r\u00e9seaux sociaux).<\/span><\/span><\/span><\/p>\n<p><span style=\"font-family: Arial, sans-serif;\" face=\"Arial, sans-serif\"><span style=\"font-size: small;\" size=\"2\"><i>Rappelons que nous sommes au tout d\u00e9but de la concertation publique sur le R\u00e8glement local de publicit\u00e9 intercommunal (RLPI), qui va l\u00e9gif\u00e9rer sur la place de la publicit\u00e9 dans l\u2019espace public pour les ann\u00e9es, voire les d\u00e9cennies \u00e0 venir. <\/i><\/span><span style=\"font-size: small;\" size=\"2\"><i>Chaque citoyen peut interpeller la m\u00e9tropole de Lyon en \u00e9crivant \u00e0 <a href=\"mailto:concertation.rlp@grandlyon.com\">concertation.rlp@grandlyon.com<\/a> ou \u00e0 partir du site <a href=\"http:\/\/collectifpleinlavue.org\/\">pleinlavue.org<\/a>.<\/i><\/span><\/span><\/p>\n<p><span style=\"font-family: Arial, sans-serif;\" face=\"Arial, sans-serif\"><span style=\"font-size: small;\" size=\"2\"><i>*L<\/i><i>a p\u00e9tition \u00ab\u00a0Des arbres pas des pubs, <\/i><i>lib\u00e9rons la m\u00e9tropole lyonnaise de la pression publicitaire\u00a0\u00bb regroupe plus de 10 000 signatures (<a href=\"http:\/\/collectifpleinlavue.org\/\">pleinlavue.org<\/a>). <\/i><\/span><\/span><\/p>\n","protected":false},"excerpt":{"rendered":"<p>Dimanche 25 mars apr\u00e8s-midi, 150 personnes ont d\u00e9fil\u00e9 dans les rues de Lyon sous le slogan \u00ab\u00a0Des arbres pas des pubs\u00a0!\u00a0\u00bb pour demander la diminution de la pression publicitaire dans le Grand Lyon. Pour Marjorie Maquet, membre du collectif, \u00ab \u00c0 l\u2019occasion de la journ\u00e9e mondiale contre la publicit\u00e9 nous avons organis\u00e9 une d\u00e9ambulation festive [&hellip;]<\/p>\n","protected":false},"author":2,"featured_media":670,"comment_status":"closed","ping_status":"open","sticky":false,"template":"","format":"standard","meta":{"footnotes":""},"categories":[8,7],"tags":[32],"class_list":["post-644","post","type-post","status-publish","format-standard","has-post-thumbnail","hentry","category-actions","category-news","tag-25-mars"],"blocksy_meta":[],"_links":{"self":[{"href":"https:\/\/collectifpleinlavue.org\/index.php\/wp-json\/wp\/v2\/posts\/644","targetHints":{"allow":["GET"]}}],"collection":[{"href":"https:\/\/collectifpleinlavue.org\/index.php\/wp-json\/wp\/v2\/posts"}],"about":[{"href":"https:\/\/collectifpleinlavue.org\/index.php\/wp-json\/wp\/v2\/types\/post"}],"author":[{"embeddable":true,"href":"https:\/\/collectifpleinlavue.org\/index.php\/wp-json\/wp\/v2\/users\/2"}],"replies":[{"embeddable":true,"href":"https:\/\/collectifpleinlavue.org\/index.php\/wp-json\/wp\/v2\/comments?post=644"}],"version-history":[{"count":4,"href":"https:\/\/collectifpleinlavue.org\/index.php\/wp-json\/wp\/v2\/posts\/644\/revisions"}],"predecessor-version":[{"id":673,"href":"https:\/\/collectifpleinlavue.org\/index.php\/wp-json\/wp\/v2\/posts\/644\/revisions\/673"}],"wp:featuredmedia":[{"embeddable":true,"href":"https:\/\/collectifpleinlavue.org\/index.php\/wp-json\/wp\/v2\/media\/670"}],"wp:attachment":[{"href":"https:\/\/collectifpleinlavue.org\/index.php\/wp-json\/wp\/v2\/media?parent=644"}],"wp:term":[{"taxonomy":"category","embeddable":true,"href":"https:\/\/collectifpleinlavue.org\/index.php\/wp-json\/wp\/v2\/categories?post=644"},{"taxonomy":"post_tag","embeddable":true,"href":"https:\/\/collectifpleinlavue.org\/index.php\/wp-json\/wp\/v2\/tags?post=644"}],"curies":[{"name":"wp","href":"https:\/\/api.w.org\/{rel}","templated":true}]}}