{"id":456,"date":"2018-02-15T17:12:58","date_gmt":"2018-02-15T16:12:58","guid":{"rendered":"http:\/\/collectifpleinlavue.org\/?p=456"},"modified":"2018-02-15T17:12:58","modified_gmt":"2018-02-15T16:12:58","slug":"stop-pub-video-pas-decrans-dans-nos-rues","status":"publish","type":"post","link":"https:\/\/collectifpleinlavue.org\/index.php\/2018\/02\/15\/stop-pub-video-pas-decrans-dans-nos-rues\/","title":{"rendered":"Stop Pub Vid\u00e9o : pas d&rsquo;\u00e9crans dans nos rues !"},"content":{"rendered":"<p>Le 3 f\u00e9vrier, \u00e0 l\u2019occasion de la journ\u00e9e nationale contre les \u00e9crans vid\u00e9o publicitaires, le collectif Plein la vue s\u2019est engag\u00e9 aux c\u00f4t\u00e9s du RAP (groupe de R\u00e9sistance \u00e0 l\u2019Agression Publicitaire), histoire de donner un petit coup de main aux copains ! L\u2019appel \u00e0 mobilisation a \u00e9t\u00e9 lanc\u00e9 par le mouvement \u00ab stop pub vid\u00e9o \u00bb, qui cible sp\u00e9cifiquement la pr\u00e9sence de ces \u00e9crans dans les espaces publics et communs.<\/p>\n<p>Les \u00e9crans vid\u00e9o, vous voyez ? Ces t\u00e9l\u00e9visions g\u00e9antes qui ont fait leur apparition, aussi soudaine que brutale, dans le m\u00e9tro lyonnais ? Lumineuses, anim\u00e9es, mais \u00e9galement agressives, hypnotiques, et terriblement \u00e9nergivores. Cerise sur le g\u00e2teau, elles sont \u00e9galement pr\u00e9vues pour contenir des cam\u00e9ras&#8230; pour quelle utilisation\u00a0? Bonne question&#8230;<\/p>\n<p>Afin de sensibiliser les usagers du m\u00e9tro, des Lyonnais motiv\u00e9s se sont donc retrouv\u00e9s ce matin sur les quais des station H\u00f4tel de Ville et Cordeliers. Camp\u00e9s devant des panneaux num\u00e9riques (il y a une centaine dans le m\u00e9tro lyonnais), ils ont brandi slogans et banderoles \u00ab\u00a0Stop Pub Vid\u00e9o\u00a0\u00bb. Le happening s\u2019est ensuite poursuivi sur la place des Terreaux pour une grande photo devant l\u2019H\u00f4tel de ville.<\/p>\n<p>Rappelons que c\u2019est justement la pr\u00e9sence d\u2019une centaine de ces panneaux vid\u00e9o dans les rues de la M\u00e9tropole lyonnaise qui est en jeu en ce moment. En effet, leur installation est l\u2019une des questions au c\u0153ur de l\u2019\u00e9laboration du nouveau R\u00e8glement Local de Publicit\u00e9 intercommunal.<\/p>\n<p>Voir les photos<strong> <a href=\"https:\/\/www.facebook.com\/collectifpleinlavue\/posts\/148659112469854\">ICI<\/a><\/strong>, et la vid\u00e9o ci-dessous\u00a0:<\/p>\n<p><iframe width=\"560\" height=\"315\" src=\"https:\/\/www.youtube.com\/embed\/3KlE6TNtBE4\" frameborder=\"0\" allow=\"autoplay; encrypted-media\" allowfullscreen=\"allowfullscreen\"><\/iframe><\/p>\n","protected":false},"excerpt":{"rendered":"<p>Le 3 f\u00e9vrier, \u00e0 l\u2019occasion de la journ\u00e9e nationale contre les \u00e9crans vid\u00e9o publicitaires, le collectif Plein la vue s\u2019est engag\u00e9 aux c\u00f4t\u00e9s du RAP (groupe de R\u00e9sistance \u00e0 l\u2019Agression Publicitaire), histoire de donner un petit coup de main aux copains ! L\u2019appel \u00e0 mobilisation a \u00e9t\u00e9 lanc\u00e9 par le mouvement \u00ab stop pub vid\u00e9o [&hellip;]<\/p>\n","protected":false},"author":2,"featured_media":457,"comment_status":"closed","ping_status":"open","sticky":false,"template":"","format":"standard","meta":{"footnotes":""},"categories":[8,7],"tags":[26,25,24],"class_list":["post-456","post","type-post","status-publish","format-standard","has-post-thumbnail","hentry","category-actions","category-news","tag-lyon","tag-metro","tag-stop-pub-video"],"blocksy_meta":[],"_links":{"self":[{"href":"https:\/\/collectifpleinlavue.org\/index.php\/wp-json\/wp\/v2\/posts\/456","targetHints":{"allow":["GET"]}}],"collection":[{"href":"https:\/\/collectifpleinlavue.org\/index.php\/wp-json\/wp\/v2\/posts"}],"about":[{"href":"https:\/\/collectifpleinlavue.org\/index.php\/wp-json\/wp\/v2\/types\/post"}],"author":[{"embeddable":true,"href":"https:\/\/collectifpleinlavue.org\/index.php\/wp-json\/wp\/v2\/users\/2"}],"replies":[{"embeddable":true,"href":"https:\/\/collectifpleinlavue.org\/index.php\/wp-json\/wp\/v2\/comments?post=456"}],"version-history":[{"count":1,"href":"https:\/\/collectifpleinlavue.org\/index.php\/wp-json\/wp\/v2\/posts\/456\/revisions"}],"predecessor-version":[{"id":458,"href":"https:\/\/collectifpleinlavue.org\/index.php\/wp-json\/wp\/v2\/posts\/456\/revisions\/458"}],"wp:featuredmedia":[{"embeddable":true,"href":"https:\/\/collectifpleinlavue.org\/index.php\/wp-json\/wp\/v2\/media\/457"}],"wp:attachment":[{"href":"https:\/\/collectifpleinlavue.org\/index.php\/wp-json\/wp\/v2\/media?parent=456"}],"wp:term":[{"taxonomy":"category","embeddable":true,"href":"https:\/\/collectifpleinlavue.org\/index.php\/wp-json\/wp\/v2\/categories?post=456"},{"taxonomy":"post_tag","embeddable":true,"href":"https:\/\/collectifpleinlavue.org\/index.php\/wp-json\/wp\/v2\/tags?post=456"}],"curies":[{"name":"wp","href":"https:\/\/api.w.org\/{rel}","templated":true}]}}