{"id":407,"date":"2018-01-30T09:52:41","date_gmt":"2018-01-30T08:52:41","guid":{"rendered":"http:\/\/collectifpleinlavue.org\/?p=407"},"modified":"2018-01-30T11:16:30","modified_gmt":"2018-01-30T10:16:30","slug":"communique-de-presse-suspension-des-publicites-au-sol-une-sage-decision","status":"publish","type":"post","link":"https:\/\/collectifpleinlavue.org\/index.php\/2018\/01\/30\/communique-de-presse-suspension-des-publicites-au-sol-une-sage-decision\/","title":{"rendered":"Communiqu\u00e9 de presse &#8211; Suspension des publicit\u00e9s au sol\u00a0: une sage d\u00e9cision"},"content":{"rendered":"<p><strong><span style=\"color: #000000;\" color=\"#000000\"><span style=\"font-family: Liberation\\ Serif, serif;\" face=\"Liberation Serif, serif\"><span style=\"font-size: medium;\" size=\"3\">Le collectif Plein la vue salue la d\u00e9cision du Maire de Lyon, Georges K\u00e9p\u00e9n\u00e9kian, de suspendre l\u2019exp\u00e9rimentation de la publicit\u00e9 sur le sol, apr\u00e8s les villes de Bordeaux et Nantes. Cette sage d\u00e9cision r\u00e9pond aux attentes des citoyens du Grand Lyon, qui depuis des semaines se mobilisent contre l\u2019omnipr\u00e9sence de la publicit\u00e9 dans l\u2019espace public, et notamment sur cette nouvelle forme de publicit\u00e9 sur les trottoirs.<\/span><\/span><\/span><\/strong><\/p>\n<p><span style=\"font-family: Liberation\\ Serif, serif; color: #000000;\" face=\"Liberation Serif, serif\"><span style=\"font-size: medium;\" size=\"3\">Une forme de publicit\u00e9 relativement propre dans son proc\u00e9d\u00e9, mais sale dans sa finalit\u00e9\u00a0: occuper toujours plus d&rsquo;espace public pour pousser \u00e0 la consommation et ce pour une poign\u00e9e de grands groupes, au d\u00e9triment des commerces locaux.<\/span><\/span><\/p>\n<p><span style=\"font-family: Liberation\\ Serif, serif; color: #000000;\" face=\"Liberation Serif, serif\"><span style=\"font-size: medium;\" size=\"3\">Cependant ce d\u00e9cret concerne la M\u00e9tropole de Lyon, et non simplement la ville de Lyon, donc nous attendons une d\u00e9cision similaire du pr\u00e9sident de la m\u00e9tropole de Lyon, David Kimelfeld. Et au-del\u00e0 d\u2019une suspension, <b>nous souhaitons un arr\u00eat d\u00e9finitif de cette exp\u00e9rimentation<\/b>.<\/span><\/span><\/p>\n<p><span style=\"font-family: Liberation\\ Serif, serif; color: #000000;\" face=\"Liberation Serif, serif\"><span style=\"font-size: medium;\" size=\"3\">D\u2019apr\u00e8s Marjorie Maquet, membre du Collectif Plein la vue\u00a0: \u00ab<b>\u00a0<\/b><i><b>Nous voyons aujourd\u2019hui que\u00a0la<\/b><\/i><b>\u00a0<\/b><i><b>mobilisation\u00a0des citoyens du Grand Lyon\u00a0a port\u00e9 ses fruits sur\u00a0ce sujet de la publicit\u00e9 au sol.<\/b><\/i><i> <\/i><i><b>Notre collectif \u00ab\u00a0Plein la vue\u00a0\u00bb a vu le jour il y a tout juste deux mois,\u00a0mais il\u00a0semble r\u00e9pondre<\/b><\/i><b>\u00a0<\/b><i><b>\u00e0 une vraie attente des habitants, qui souhaitent voir diminuer la pression publicitaire sur le Grand Lyon.\u00a0<\/b><\/i><i>Pour autant, cette d\u00e9cision n<\/i>\u2019<i>est pour nous\u00a0qu\u2019une simple \u00e9tape. Il faut d\u00e9sormais se poser la question des publicit\u00e9s sur \u00e9crans vid\u00e9o, qui regroupe tous les effets n\u00e9fastes des supports publicitaires\u00a0: \u00e9nergivores, hypnotisantes, agressives&#8230;\u00a0Le Grand Lyon souhaite voir fleurir ces \u00e9crans dans nos rues en 2020, nous sommes contre, et il nous semble que la grande majorit\u00e9 de la population nous soutient sur cette question. \u00bb<\/i><\/span><\/span><\/p>\n<p><span style=\"font-family: Liberation\\ Serif, serif; color: #000000;\" face=\"Liberation Serif, serif\"><span style=\"font-size: medium;\" size=\"3\">Rappelons que nous sommes au tout d\u00e9but de la concertation publique sur le R\u00e8glement local de publicit\u00e9 intercommunal (RLPI), qui va l\u00e9gif\u00e9rer sur la place de la publicit\u00e9 dans l\u2019espace public pour les ann\u00e9es, voire les d\u00e9cennies \u00e0 venir. Chaque citoyen peut interpeller la m\u00e9tropole de Lyon en \u00e9crivant \u00e0\u00a0<a href=\"mailto:concertation.rlp@grandlyon.com\" target=\"_blank\" rel=\"noopener\" style=\"color: #000000;\">concertation.rlp@grandlyon.com<\/a>\u00a0ou \u00e0 partir du site <a href=\"http:\/\/collectifpleinlavue.org\/\">pleinlavue.org<\/a><br \/>\n<\/span><\/span><\/p>\n<p><span style=\"font-family: Liberation\\ Serif, serif; color: #000000;\" face=\"Liberation Serif, serif\"><span style=\"font-size: medium;\" size=\"3\">Toutes les informations du collectif sur <a href=\"http:\/\/collectifpleinlavue.org\/\">pleinlavue.org<\/a><a href=\"http:\/\/collectifpleinlavue.org\/\" target=\"_blank\" rel=\"noopener\" style=\"color: #000000;\"><br \/>\n<\/a><\/span><\/span><span style=\"font-family: Liberation\\ Serif, serif; color: #000000;\" face=\"Liberation Serif, serif\"><span style=\"font-size: medium;\" size=\"3\">La p\u00e9tition \u00ab\u00a0<a href=\"https:\/\/www.change.org\/p\/david-kimelfeld-des-arbres-pas-des-pubs-lib%C3%A9rons-la-m%C3%A9tropole-lyonnaise-de-la-pression-publicitaire\">Des arbres pas des pubs<\/a>\u00a0\u00bb regroupe pr\u00e8s de 10 000 signatures.<\/span><\/span><\/p>\n","protected":false},"excerpt":{"rendered":"<p>Le collectif Plein la vue salue la d\u00e9cision du Maire de Lyon, Georges K\u00e9p\u00e9n\u00e9kian, de suspendre l\u2019exp\u00e9rimentation de la publicit\u00e9 sur le sol, apr\u00e8s les villes de Bordeaux et Nantes. Cette sage d\u00e9cision r\u00e9pond aux attentes des citoyens du Grand Lyon, qui depuis des semaines se mobilisent contre l\u2019omnipr\u00e9sence de la publicit\u00e9 dans l\u2019espace public, [&hellip;]<\/p>\n","protected":false},"author":2,"featured_media":409,"comment_status":"closed","ping_status":"open","sticky":false,"template":"","format":"standard","meta":{"footnotes":""},"categories":[6,7],"tags":[23],"class_list":["post-407","post","type-post","status-publish","format-standard","has-post-thumbnail","hentry","category-info","category-news","tag-cp"],"blocksy_meta":[],"_links":{"self":[{"href":"https:\/\/collectifpleinlavue.org\/index.php\/wp-json\/wp\/v2\/posts\/407","targetHints":{"allow":["GET"]}}],"collection":[{"href":"https:\/\/collectifpleinlavue.org\/index.php\/wp-json\/wp\/v2\/posts"}],"about":[{"href":"https:\/\/collectifpleinlavue.org\/index.php\/wp-json\/wp\/v2\/types\/post"}],"author":[{"embeddable":true,"href":"https:\/\/collectifpleinlavue.org\/index.php\/wp-json\/wp\/v2\/users\/2"}],"replies":[{"embeddable":true,"href":"https:\/\/collectifpleinlavue.org\/index.php\/wp-json\/wp\/v2\/comments?post=407"}],"version-history":[{"count":4,"href":"https:\/\/collectifpleinlavue.org\/index.php\/wp-json\/wp\/v2\/posts\/407\/revisions"}],"predecessor-version":[{"id":413,"href":"https:\/\/collectifpleinlavue.org\/index.php\/wp-json\/wp\/v2\/posts\/407\/revisions\/413"}],"wp:featuredmedia":[{"embeddable":true,"href":"https:\/\/collectifpleinlavue.org\/index.php\/wp-json\/wp\/v2\/media\/409"}],"wp:attachment":[{"href":"https:\/\/collectifpleinlavue.org\/index.php\/wp-json\/wp\/v2\/media?parent=407"}],"wp:term":[{"taxonomy":"category","embeddable":true,"href":"https:\/\/collectifpleinlavue.org\/index.php\/wp-json\/wp\/v2\/categories?post=407"},{"taxonomy":"post_tag","embeddable":true,"href":"https:\/\/collectifpleinlavue.org\/index.php\/wp-json\/wp\/v2\/tags?post=407"}],"curies":[{"name":"wp","href":"https:\/\/api.w.org\/{rel}","templated":true}]}}