{"id":349,"date":"2018-01-20T18:29:12","date_gmt":"2018-01-20T17:29:12","guid":{"rendered":"http:\/\/collectifpleinlavue.org\/?p=349"},"modified":"2018-06-25T20:32:10","modified_gmt":"2018-06-25T18:32:10","slug":"revue-de-presse-decembre-2017","status":"publish","type":"post","link":"https:\/\/collectifpleinlavue.org\/index.php\/2018\/01\/20\/revue-de-presse-decembre-2017\/","title":{"rendered":"Revue de presse &#8211; D\u00e9cembre 2017"},"content":{"rendered":"<p><strong>En D\u00e9cembre : Lyon Mag, Rue 89 Lyon&#8230;<\/strong><\/p>\n<p>&nbsp;<\/p>\n<p><strong><img decoding=\"async\" src=\"http:\/\/collectifpleinlavue.org\/wp-content\/uploads\/2018\/01\/Logo-Lyon-Mag-150x150.png\" alt=\"\" class=\"alignleft wp-image-344\" width=\"110\" height=\"110\" srcset=\"https:\/\/collectifpleinlavue.org\/wp-content\/uploads\/2018\/01\/Logo-Lyon-Mag-150x150.png 150w, https:\/\/collectifpleinlavue.org\/wp-content\/uploads\/2018\/01\/Logo-Lyon-Mag-300x300.png 300w, https:\/\/collectifpleinlavue.org\/wp-content\/uploads\/2018\/01\/Logo-Lyon-Mag-768x768.png 768w, https:\/\/collectifpleinlavue.org\/wp-content\/uploads\/2018\/01\/Logo-Lyon-Mag.png 1024w\" sizes=\"(max-width: 110px) 100vw, 110px\" \/><\/strong><\/p>\n<p><strong>8 d\u00e9cembre 2017 &#8211; C&rsquo;est un Lyonnais qui a lanc\u00e9 le mouvement il y a quelques mois. <\/strong>Benjamin Badouard n\u2019en pouvait plus de passer, \u00e0 chaque fois qu\u2019il sortait de chez lui, devant deux larges panneaux publicitaires grands de 8m\u00b2&#8230; <strong><em><a href=\"https:\/\/www.lyonmag.com\/article\/92764\/un-collectif-compte-eteindre-les-panneaux-publicitaires-de-lyon\">LIRE LA SUITE<\/a><\/em><\/strong>.<\/p>\n<p>&nbsp;<\/p>\n<p class=\"article-block__title\"><img decoding=\"async\" src=\"http:\/\/collectifpleinlavue.org\/wp-content\/uploads\/2018\/01\/rue-89-lyon-150x150.png\" alt=\"\" class=\"alignleft wp-image-352\" width=\"110\" height=\"82\" \/><strong>14 d\u00e9cembre 2017 &#8211; \u00ab\u00a0Des arbres, pas des pubs\u00a0\u00bb<\/strong>\u00a0: les anti-pubs repartent en campagne dans la M\u00e9tropole de Lyon. Un bon coup de pub. C\u2019est ce que vient de faire le collectif <a href=\"https:\/\/www.facebook.com\/collectifpleinlavue\/\" target=\"_blank\" rel=\"noopener\">Plein la vue<\/a> avec une vid\u00e9o qui appuie une p\u00e9tition r\u00e9clamant la diminution de la publicit\u00e9&#8230; <a href=\"http:\/\/www.rue89lyon.fr\/2017\/12\/08\/arbres-pas-des-pubs-anti-pubs-repartent-en-campagne-dans-la-metropole-de-lyon\/\"><em><strong>LIRE LA SUITE<\/strong><\/em><\/a>.<\/p>\n","protected":false},"excerpt":{"rendered":"<p>En D\u00e9cembre : Lyon Mag, Rue 89 Lyon&#8230; &nbsp; 8 d\u00e9cembre 2017 &#8211; C&rsquo;est un Lyonnais qui a lanc\u00e9 le mouvement il y a quelques mois. Benjamin Badouard n\u2019en pouvait plus de passer, \u00e0 chaque fois qu\u2019il sortait de chez lui, devant deux larges panneaux publicitaires grands de 8m\u00b2&#8230; LIRE LA SUITE. &nbsp; 14 d\u00e9cembre [&hellip;]<\/p>\n","protected":false},"author":2,"featured_media":355,"comment_status":"closed","ping_status":"open","sticky":false,"template":"","format":"standard","meta":{"footnotes":""},"categories":[6,7,12],"tags":[13,14],"class_list":["post-349","post","type-post","status-publish","format-standard","has-post-thumbnail","hentry","category-info","category-news","category-revue-de-presse","tag-lyon-mag","tag-rue-89-lyon"],"blocksy_meta":[],"_links":{"self":[{"href":"https:\/\/collectifpleinlavue.org\/index.php\/wp-json\/wp\/v2\/posts\/349","targetHints":{"allow":["GET"]}}],"collection":[{"href":"https:\/\/collectifpleinlavue.org\/index.php\/wp-json\/wp\/v2\/posts"}],"about":[{"href":"https:\/\/collectifpleinlavue.org\/index.php\/wp-json\/wp\/v2\/types\/post"}],"author":[{"embeddable":true,"href":"https:\/\/collectifpleinlavue.org\/index.php\/wp-json\/wp\/v2\/users\/2"}],"replies":[{"embeddable":true,"href":"https:\/\/collectifpleinlavue.org\/index.php\/wp-json\/wp\/v2\/comments?post=349"}],"version-history":[{"count":11,"href":"https:\/\/collectifpleinlavue.org\/index.php\/wp-json\/wp\/v2\/posts\/349\/revisions"}],"predecessor-version":[{"id":398,"href":"https:\/\/collectifpleinlavue.org\/index.php\/wp-json\/wp\/v2\/posts\/349\/revisions\/398"}],"wp:featuredmedia":[{"embeddable":true,"href":"https:\/\/collectifpleinlavue.org\/index.php\/wp-json\/wp\/v2\/media\/355"}],"wp:attachment":[{"href":"https:\/\/collectifpleinlavue.org\/index.php\/wp-json\/wp\/v2\/media?parent=349"}],"wp:term":[{"taxonomy":"category","embeddable":true,"href":"https:\/\/collectifpleinlavue.org\/index.php\/wp-json\/wp\/v2\/categories?post=349"},{"taxonomy":"post_tag","embeddable":true,"href":"https:\/\/collectifpleinlavue.org\/index.php\/wp-json\/wp\/v2\/tags?post=349"}],"curies":[{"name":"wp","href":"https:\/\/api.w.org\/{rel}","templated":true}]}}