{"id":311,"date":"2018-01-22T13:11:38","date_gmt":"2018-01-22T12:11:38","guid":{"rendered":"http:\/\/collectifpleinlavue.org\/?p=311"},"modified":"2018-01-22T13:11:38","modified_gmt":"2018-01-22T12:11:38","slug":"communique-de-presse-des-lyonnais-e-s-passent-a-laction-pour-moins-de-publicites-dans-le-grand-lyon","status":"publish","type":"post","link":"https:\/\/collectifpleinlavue.org\/index.php\/2018\/01\/22\/communique-de-presse-des-lyonnais-e-s-passent-a-laction-pour-moins-de-publicites-dans-le-grand-lyon\/","title":{"rendered":"Communiqu\u00e9 de presse : Des lyonnais-e-s passent \u00e0 l\u2019action pour moins de publicit\u00e9s dans le Grand Lyon"},"content":{"rendered":"<p><span style=\"color: #000000;\" color=\"#000000\"><span style=\"font-family: Liberation Serif, serif;\" face=\"Liberation Serif, serif\"><span style=\"font-size: medium;\" size=\"3\"><i><b><span>Ce matin 22 janvier, les membres du collectif Plen la Vue ont symboliquement recouvert des panneaux publicitaires sur la Presqu\u2019\u00eele. La date de cette action n\u2019a pas \u00e9t\u00e9 choisie au hasard. C\u2019est en effet aujourd\u2019hui que s\u2019ouvre la concertation publique sur le R\u00e8glement local de publicit\u00e9 intercommunal (RLPI) pour la m\u00e9tropole de Lyon. <\/span><\/b><\/i><\/span><\/span><\/span><\/p>\n<p><span style=\"color: #000000;\" color=\"#000000\"><span style=\"font-family: Liberation Serif, serif;\" face=\"Liberation Serif, serif\"><span style=\"font-size: medium;\" size=\"3\"><span>Les membres du collectif ont donc proc\u00e9d\u00e9 \u00e0 des recouvrements de panneaux publicitaires, en rempla\u00e7ant les habituelles messages par des slogans portant \u00e0 r\u00e9fl\u00e9chir sur ce que repr\u00e9sente vraiment la publicit\u00e9 :<\/span><\/span><\/span><\/span><\/p>\n<ul>\n<li><span style=\"color: #000000;\" color=\"#000000\"><span style=\"font-family: Liberation Serif, serif;\" face=\"Liberation Serif, serif\"><span style=\"font-size: medium;\" size=\"3\"><span>\u00ab la publicit\u00e9 vous fait d\u00e9-penser \u00bb,<\/span><\/span><\/span><\/span><\/li>\n<li><span style=\"color: #000000;\" color=\"#000000\"><span style=\"font-family: Liberation Serif, serif;\" face=\"Liberation Serif, serif\"><span style=\"font-size: medium;\" size=\"3\"><span><\/span><\/span><\/span><\/span><span style=\"color: #000000;\" color=\"#000000\"><span style=\"font-family: Liberation Serif, serif;\" face=\"Liberation Serif, serif\"><span style=\"font-size: medium;\" size=\"3\"><span>\u00ab la publicit\u00e9 s\u2019impose\u2026 nos cerveaux en pause \u00bb&#8230;<\/span><\/span><\/span><\/span><\/li>\n<li><span style=\"color: #000000;\" color=\"#000000\"><span style=\"font-family: Liberation Serif, serif;\" face=\"Liberation Serif, serif\"><span style=\"font-size: medium;\" size=\"3\"><span>mais aussi le slogan du collectif : \u00ab Des arbres, pas des pubs \u00bb<\/span><\/span><\/span><\/span><\/li>\n<\/ul>\n<p><span style=\"color: #000000;\" color=\"#000000\"><span style=\"font-family: Liberation Serif, serif;\" face=\"Liberation Serif, serif\"><span style=\"font-size: large;\" size=\"4\"><b><span>L\u2019invasion publicitaire n\u2019est pas une fatalit\u00e9<\/span><\/b><\/span><\/span><\/span><\/p>\n<p><span style=\"color: #000000;\" color=\"#000000\"><span style=\"font-family: Liberation Serif, serif;\" face=\"Liberation Serif, serif\"><span style=\"font-size: medium;\" size=\"3\"><span>Une action symbolique et ne d\u00e9gradant pas le mobilier urbain.<\/span><\/span><\/span><\/span><\/p>\n<p><span style=\"color: #000000;\" color=\"#000000\"><span>\u201c<\/span><\/span><span style=\"color: #000000;\" color=\"#000000\"><span style=\"font-family: Liberation Serif, serif;\" face=\"Liberation Serif, serif\"><span style=\"font-size: medium;\" size=\"3\"><i><span>L\u2019objectif est de montrer que l\u2019omnipr\u00e9sence de la publicit\u00e9 n\u2019est pas une fatalit\u00e9. D\u2019autres grandes villes se lib\u00e8rent de cette pression mercantile. Nous invitons donc les habitants de la m\u00e9tropole \u00e0 interpeller leurs \u00e9lus via le site <\/span><\/i><\/span><\/span><\/span><a href=\"http:\/\/collectifpleinlavue.org\/\" target=\"_blank\" rel=\"noopener\">pleinlavue.org<\/a><span style=\"color: #000000;\" color=\"#000000\"><span style=\"font-family: Liberation Serif, serif;\" face=\"Liberation Serif, serif\"><span> <\/span><\/span><\/span><span style=\"color: #000000;\" color=\"#000000\"><span style=\"font-family: Liberation Serif, serif;\" face=\"Liberation Serif, serif\"><span style=\"font-size: medium;\" size=\"3\"><i><span>pour qu\u2019ils portent la voix des citoyens qui refusent l\u2019invasion permanente de l\u2019espace public par la publicit\u00e9.\u201d explique Benjamin Badouard, <\/span><\/i><\/span><\/span><\/span><span style=\"color: #000000;\" color=\"#000000\"><span style=\"font-family: Liberation Serif, serif;\" face=\"Liberation Serif, serif\"><span style=\"font-size: medium;\" size=\"3\"><i><span>porte-parole<\/span><\/i><\/span><\/span><\/span><span style=\"color: #000000;\" color=\"#000000\"><span style=\"font-family: Liberation Serif, serif;\" face=\"Liberation Serif, serif\"><span style=\"font-size: medium;\" size=\"3\"><i><span> du collectif.<\/span><\/i><\/span><\/span><\/span><\/p>\n<p><span style=\"color: #000000;\" color=\"#000000\"><span style=\"font-family: Liberation Serif, serif;\" face=\"Liberation Serif, serif\"><span style=\"font-size: large;\" size=\"4\"><b><span><span style=\"font-size: medium;\" size=\"3\">Les maires et \u00e9lus m\u00e9tropolitains vont devoir prendre <\/span><span style=\"font-size: medium;\" size=\"3\">position<\/span><\/span><\/b><\/span><\/span><\/span><\/p>\n<p><span style=\"color: #000000;\" color=\"#000000\"><span style=\"font-family: Liberation Serif, serif;\" face=\"Liberation Serif, serif\"><span style=\"font-size: medium;\" size=\"3\"><span>Avec l\u2019ouverture de cette concertation publique sur le R\u00e8glement Local de Publicit\u00e9 Intercommunal (RLPI) il est donc possible d\u2019interroger enfin la place de la publicit\u00e9 dans la ville. Ce document aura un impact d\u00e9cisif sur nos paysages et notre cadre de vie, il est donc n\u00e9cessaire que les habitants se l\u2019approprient et donnent leur avis. <\/span><\/span><\/span><\/span><\/p>\n<p><span style=\"color: #000000;\" color=\"#000000\"><span>\u201c<\/span><span style=\"font-family: Liberation Serif, serif;\" face=\"Liberation Serif, serif\"><span style=\"font-size: medium;\" size=\"3\"><i><span>Nous attendons que les \u00e9lus se fassent le relai de l\u2019expression citoyenne : pr\u00e8s de 10 000 personnes ont d\u00e9j\u00e0 sign\u00e9 la p\u00e9tition demandant moins de pubs dans notre M\u00e9tropole.<\/span><\/i><\/span><span>\u201d<\/span><\/span><\/span><\/p>\n<p><span style=\"color: #000000;\" color=\"#000000\"><span style=\"font-family: Liberation Serif, serif;\" face=\"Liberation Serif, serif\"><span style=\"font-size: medium;\" size=\"3\"><b><span>D\u00e8s aujourd\u2019hui, chacun peut ainsi aller sur le site <\/span><\/b><\/span><\/span><\/span><a href=\"http:\/\/collectifpleinlavue.org\/\" target=\"_blank\" rel=\"noopener\">pleinlavue.org<\/a><span style=\"color: #000000;\" color=\"#000000\"><span style=\"font-family: Liberation Serif, serif;\" face=\"Liberation Serif, serif\"><span style=\"font-size: large;\" size=\"4\"><span> <\/span><\/span><\/span><\/span><span style=\"color: #000000;\" color=\"#000000\"><span style=\"font-family: Liberation Serif, serif;\" face=\"Liberation Serif, serif\"><span style=\"font-size: medium;\" size=\"3\"><span>et voir <\/span><\/span><\/span><\/span><span style=\"color: #000000;\" color=\"#000000\"><span style=\"font-family: Liberation Serif, serif;\" face=\"Liberation Serif, serif\"><span style=\"font-size: medium;\" size=\"3\"><span>de <\/span><\/span><\/span><\/span><span style=\"color: #000000;\" color=\"#000000\"><span style=\"font-family: Liberation Serif, serif;\" face=\"Liberation Serif, serif\"><span style=\"font-size: medium;\" size=\"3\"><span>nombreux arguments exposants les effets n\u00e9fastes de la publicit\u00e9 et l\u2019int\u00e9r\u00eat de la r\u00e9duire drastiquement. <\/span><\/span><\/span><\/span><span style=\"color: #000000;\" color=\"#000000\"><span style=\"font-family: Liberation Serif, serif;\" face=\"Liberation Serif, serif\"><span style=\"font-size: medium;\" size=\"3\"><b><span>Depuis le site internet, vous pouvez \u00e9galement directement envoyer un mail au Grand Lyon et ainsi donner votre avis sur la place que doit prendre la publicit\u00e9 dans l\u2019espace public.<\/span><\/b><\/span><\/span><\/span><span style=\"color: #000000;\" color=\"#000000\"><span style=\"font-family: Liberation Serif, serif;\" face=\"Liberation Serif, serif\"><span style=\"font-size: medium;\" size=\"3\"><span><\/span><\/span><\/span><\/span><\/p>\n","protected":false},"excerpt":{"rendered":"<p>Ce matin 22 janvier, les membres du collectif Plen la Vue ont symboliquement recouvert des panneaux publicitaires sur la Presqu\u2019\u00eele. La date de cette action n\u2019a pas \u00e9t\u00e9 choisie au hasard. C\u2019est en effet aujourd\u2019hui que s\u2019ouvre la concertation publique sur le R\u00e8glement local de publicit\u00e9 intercommunal (RLPI) pour la m\u00e9tropole de Lyon. Les membres [&hellip;]<\/p>\n","protected":false},"author":2,"featured_media":312,"comment_status":"closed","ping_status":"open","sticky":false,"template":"","format":"standard","meta":{"footnotes":""},"categories":[8,6,7],"tags":[],"class_list":["post-311","post","type-post","status-publish","format-standard","has-post-thumbnail","hentry","category-actions","category-info","category-news"],"blocksy_meta":[],"_links":{"self":[{"href":"https:\/\/collectifpleinlavue.org\/index.php\/wp-json\/wp\/v2\/posts\/311","targetHints":{"allow":["GET"]}}],"collection":[{"href":"https:\/\/collectifpleinlavue.org\/index.php\/wp-json\/wp\/v2\/posts"}],"about":[{"href":"https:\/\/collectifpleinlavue.org\/index.php\/wp-json\/wp\/v2\/types\/post"}],"author":[{"embeddable":true,"href":"https:\/\/collectifpleinlavue.org\/index.php\/wp-json\/wp\/v2\/users\/2"}],"replies":[{"embeddable":true,"href":"https:\/\/collectifpleinlavue.org\/index.php\/wp-json\/wp\/v2\/comments?post=311"}],"version-history":[{"count":1,"href":"https:\/\/collectifpleinlavue.org\/index.php\/wp-json\/wp\/v2\/posts\/311\/revisions"}],"predecessor-version":[{"id":313,"href":"https:\/\/collectifpleinlavue.org\/index.php\/wp-json\/wp\/v2\/posts\/311\/revisions\/313"}],"wp:featuredmedia":[{"embeddable":true,"href":"https:\/\/collectifpleinlavue.org\/index.php\/wp-json\/wp\/v2\/media\/312"}],"wp:attachment":[{"href":"https:\/\/collectifpleinlavue.org\/index.php\/wp-json\/wp\/v2\/media?parent=311"}],"wp:term":[{"taxonomy":"category","embeddable":true,"href":"https:\/\/collectifpleinlavue.org\/index.php\/wp-json\/wp\/v2\/categories?post=311"},{"taxonomy":"post_tag","embeddable":true,"href":"https:\/\/collectifpleinlavue.org\/index.php\/wp-json\/wp\/v2\/tags?post=311"}],"curies":[{"name":"wp","href":"https:\/\/api.w.org\/{rel}","templated":true}]}}