{"id":2438,"date":"2021-04-15T18:08:00","date_gmt":"2021-04-15T16:08:00","guid":{"rendered":"https:\/\/collectifpleinlavue.org\/?p=2438"},"modified":"2021-05-17T20:28:47","modified_gmt":"2021-05-17T18:28:47","slug":"revue-de-presse-mars-avril-2021","status":"publish","type":"post","link":"https:\/\/collectifpleinlavue.org\/index.php\/2021\/04\/15\/revue-de-presse-mars-avril-2021\/","title":{"rendered":"Revue de presse &#8211; Avril 2021"},"content":{"rendered":"\n<p><\/p>\n\n\n\n<h2 class=\"wp-block-heading\"><strong>Ce mois-ci : Focus sur les \u00e9crans num\u00e9riques, la loi Climat-R\u00e9silience et le collectif \u00ab\u00a0Touche pas \u00e0 ma Vitrine\u201d<\/strong><\/h2>\n\n\n\n<div class=\"wp-block-media-text alignwide is-stacked-on-mobile\" style=\"grid-template-columns:26% auto\"><figure class=\"wp-block-media-text__media\"><img fetchpriority=\"high\" decoding=\"async\" width=\"1024\" height=\"320\" src=\"https:\/\/collectifpleinlavue.org\/wp-content\/uploads\/2021\/04\/Le-Parisien-1024x320.png\" alt=\"\" class=\"wp-image-2442 size-full\" srcset=\"https:\/\/collectifpleinlavue.org\/wp-content\/uploads\/2021\/04\/Le-Parisien-1024x320.png 1024w, https:\/\/collectifpleinlavue.org\/wp-content\/uploads\/2021\/04\/Le-Parisien-300x94.png 300w, https:\/\/collectifpleinlavue.org\/wp-content\/uploads\/2021\/04\/Le-Parisien-768x240.png 768w, https:\/\/collectifpleinlavue.org\/wp-content\/uploads\/2021\/04\/Le-Parisien.png 1536w\" sizes=\"(max-width: 1024px) 100vw, 1024px\" \/><\/figure><div class=\"wp-block-media-text__content\">\n<p class=\"has-large-font-size\">Sur les \u00e9crans \u00e0 l\u2019assaut des villes : gros plan sur ces panneaux lumineux, une pollution visuelle agressive et \u00e9nergivore. <a href=\"https:\/\/www.leparisien.fr\/environnement\/environnement-ces-ecrans-de-pub-lumineux-a-l-assaut-des-villes-16-03-2021-8428687.php\" data-type=\"URL\" data-id=\"https:\/\/www.leparisien.fr\/environnement\/environnement-ces-ecrans-de-pub-lumineux-a-l-assaut-des-villes-16-03-2021-8428687.php\">En savoir plus&#8230;<\/a><\/p>\n<\/div><\/div>\n\n\n\n<div class=\"wp-block-media-text alignwide is-stacked-on-mobile\" style=\"grid-template-columns:26% auto\"><figure class=\"wp-block-media-text__media\"><img decoding=\"async\" width=\"416\" height=\"356\" src=\"https:\/\/collectifpleinlavue.org\/wp-content\/uploads\/2021\/05\/CCC.png\" alt=\"\" class=\"wp-image-2444 size-full\" srcset=\"https:\/\/collectifpleinlavue.org\/wp-content\/uploads\/2021\/05\/CCC.png 416w, https:\/\/collectifpleinlavue.org\/wp-content\/uploads\/2021\/05\/CCC-300x257.png 300w\" sizes=\"(max-width: 416px) 100vw, 416px\" \/><\/figure><div class=\"wp-block-media-text__content\">\n<p class=\"has-large-font-size\">Loi Climat-R\u00e9silience en d\u00e9bat \u00e0 l&rsquo;assembl\u00e9e, un texte bien en de\u00e7\u00e0 des objectifs de la Convention Citoyenne pour le Climat, notamment : l\u2019<a href=\"https:\/\/www.senat.fr\/leg\/pjl20-551.html\">article 7<\/a> de la loi VS la <a href=\"https:\/\/propositions.conventioncitoyennepourleclimat.fr\/pdf\/ccc-rapport-final.pdf\" data-type=\"URL\" data-id=\"https:\/\/propositions.conventioncitoyennepourleclimat.fr\/pdf\/ccc-rapport-final.pdf\">proposition C.2.2.8 sur l&rsquo;interdiction des \u00e9crans publicitaires num\u00e9riques<\/a>.<\/p>\n<\/div><\/div>\n\n\n\n<div class=\"wp-block-media-text alignwide is-stacked-on-mobile\" style=\"grid-template-columns:26% auto\"><figure class=\"wp-block-media-text__media\"><img decoding=\"async\" width=\"768\" height=\"519\" src=\"https:\/\/collectifpleinlavue.org\/wp-content\/uploads\/2021\/05\/Ex30DWSWUAIH-uZ-768x519-1.jpeg\" alt=\"\" class=\"wp-image-2447 size-full\" srcset=\"https:\/\/collectifpleinlavue.org\/wp-content\/uploads\/2021\/05\/Ex30DWSWUAIH-uZ-768x519-1.jpeg 768w, https:\/\/collectifpleinlavue.org\/wp-content\/uploads\/2021\/05\/Ex30DWSWUAIH-uZ-768x519-1-300x203.jpeg 300w\" sizes=\"(max-width: 768px) 100vw, 768px\" \/><\/figure><div class=\"wp-block-media-text__content\">\n<p class=\"has-large-font-size\">Contre l&rsquo;article 7 de la loi, la curieuse force de frappe du tout jeune collectif de commer\u00e7ants \u201cTouche pas \u00e0 ma vitrine\u201d, notamment relay\u00e9 dans <a href=\"https:\/\/www.lemonde.fr\/economie\/article\/2021\/03\/29\/encadrer-les-ecrans-dans-les-vitrines-c-est-comme-regir-la-couleur-des-rideaux-aux-fenetres-des-appartements_6074834_3234.html\" data-type=\"URL\" data-id=\"https:\/\/www.lemonde.fr\/economie\/article\/2021\/03\/29\/encadrer-les-ecrans-dans-les-vitrines-c-est-comme-regir-la-couleur-des-rideaux-aux-fenetres-des-appartements_6074834_3234.html\">LeMonde<\/a>, <a href=\"https:\/\/www.ouest-france.fr\/economie\/commerce\/encadrement-de-la-pub-en-vitrine-des-commercants-demandent-le-retrait-d-un-article-de-la-loi-climat-2eafda3a-8d6a-11eb-9c6e-2d26a9c7d3cb\" data-type=\"URL\" data-id=\"https:\/\/www.ouest-france.fr\/economie\/commerce\/encadrement-de-la-pub-en-vitrine-des-commercants-demandent-le-retrait-d-un-article-de-la-loi-climat-2eafda3a-8d6a-11eb-9c6e-2d26a9c7d3cb\">Ouest-France<\/a> ou <a href=\"https:\/\/www.bfmtv.com\/economie\/loi-climat-des-commercants-vent-debout-contre-la-regulation-des-vitrines_AN-202102240011.html\" data-type=\"URL\" data-id=\"https:\/\/www.bfmtv.com\/economie\/loi-climat-des-commercants-vent-debout-contre-la-regulation-des-vitrines_AN-202102240011.html\">BFM-TV<\/a>.<\/p>\n<\/div><\/div>\n\n\n\n<div class=\"wp-block-media-text alignwide is-stacked-on-mobile\" style=\"grid-template-columns:26% auto\"><figure class=\"wp-block-media-text__media\"><img loading=\"lazy\" decoding=\"async\" width=\"231\" height=\"66\" src=\"https:\/\/collectifpleinlavue.org\/wp-content\/uploads\/2021\/05\/FranceInfo.png\" alt=\"\" class=\"wp-image-2448 size-full\"\/><\/figure><div class=\"wp-block-media-text__content\">\n<p class=\"has-large-font-size\">Un d\u00e9bat sans-filtre organis\u00e9 en marge de l&rsquo;assembl\u00e9e par quelques d\u00e9put\u00e9s, pour confronter loi Climat-R\u00e9silience et propositions de la Convention Citoyenne. <a href=\"https:\/\/www.francetvinfo.fr\/meteo\/climat\/projet-de-loi-climat-des-deputes-ecologistes-lancent-deux-semaines-de-debat-sans-filtre-sur-twitch_4353007.html\" data-type=\"URL\" data-id=\"https:\/\/www.francetvinfo.fr\/meteo\/climat\/projet-de-loi-climat-des-deputes-ecologistes-lancent-deux-semaines-de-debat-sans-filtre-sur-twitch_4353007.html\">En savoir plus<\/a><\/p>\n<\/div><\/div>\n\n\n\n<div class=\"wp-block-media-text alignwide is-stacked-on-mobile\" style=\"grid-template-columns:26% auto\"><figure class=\"wp-block-media-text__media\"><img loading=\"lazy\" decoding=\"async\" width=\"130\" height=\"90\" src=\"https:\/\/collectifpleinlavue.org\/wp-content\/uploads\/2021\/05\/LesJours.png\" alt=\"\" class=\"wp-image-2449 size-full\"\/><\/figure><div class=\"wp-block-media-text__content\">\n<p class=\"has-large-font-size\">Un industriel des \u00e9crans num\u00e9riques derri\u00e8re les commer\u00e7ants en col\u00e8re : Le site de \u201cTouche pas \u00e0 ma vitrine\u201d a \u00e9t\u00e9 enregistr\u00e9 par la soci\u00e9t\u00e9 Phenix&#8230; <a href=\"https:\/\/collectifpleinlavue.org\/wp-content\/uploads\/2021\/05\/Les-Jours_AG_la_contre_soiree_on_traque_les_lobbies_de_la_pub_04.02.2021.pdf\" data-type=\"URL\" data-id=\"https:\/\/collectifpleinlavue.org\/wp-content\/uploads\/2021\/05\/Les-Jours_AG_la_contre_soiree_on_traque_les_lobbies_de_la_pub_04.02.2021.pdf\">En savoir plus ici<\/a> ou <a href=\"https:\/\/lesjours.fr\/obsessions\/loi-climat-assemblee\/ep3-debat-publicite\/\" data-type=\"URL\" data-id=\"https:\/\/lesjours.fr\/obsessions\/loi-climat-assemblee\/ep3-debat-publicite\/\">l\u00e0<\/a>.<\/p>\n<\/div><\/div>\n","protected":false},"excerpt":{"rendered":"<p>Ce mois-ci : Focus sur les \u00e9crans num\u00e9riques, la loi Climat-R\u00e9silience et le collectif \u00ab\u00a0Touche pas \u00e0 ma Vitrine\u201d Sur les \u00e9crans \u00e0 l\u2019assaut des villes : gros plan sur ces panneaux lumineux, une pollution visuelle agressive et \u00e9nergivore. En savoir plus&#8230; Loi Climat-R\u00e9silience en d\u00e9bat \u00e0 l&rsquo;assembl\u00e9e, un texte bien en de\u00e7\u00e0 des objectifs [&hellip;]<\/p>\n","protected":false},"author":7,"featured_media":0,"comment_status":"closed","ping_status":"open","sticky":false,"template":"","format":"standard","meta":{"footnotes":""},"categories":[7,12],"tags":[],"class_list":["post-2438","post","type-post","status-publish","format-standard","hentry","category-news","category-revue-de-presse"],"blocksy_meta":[],"_links":{"self":[{"href":"https:\/\/collectifpleinlavue.org\/index.php\/wp-json\/wp\/v2\/posts\/2438","targetHints":{"allow":["GET"]}}],"collection":[{"href":"https:\/\/collectifpleinlavue.org\/index.php\/wp-json\/wp\/v2\/posts"}],"about":[{"href":"https:\/\/collectifpleinlavue.org\/index.php\/wp-json\/wp\/v2\/types\/post"}],"author":[{"embeddable":true,"href":"https:\/\/collectifpleinlavue.org\/index.php\/wp-json\/wp\/v2\/users\/7"}],"replies":[{"embeddable":true,"href":"https:\/\/collectifpleinlavue.org\/index.php\/wp-json\/wp\/v2\/comments?post=2438"}],"version-history":[{"count":9,"href":"https:\/\/collectifpleinlavue.org\/index.php\/wp-json\/wp\/v2\/posts\/2438\/revisions"}],"predecessor-version":[{"id":2460,"href":"https:\/\/collectifpleinlavue.org\/index.php\/wp-json\/wp\/v2\/posts\/2438\/revisions\/2460"}],"wp:attachment":[{"href":"https:\/\/collectifpleinlavue.org\/index.php\/wp-json\/wp\/v2\/media?parent=2438"}],"wp:term":[{"taxonomy":"category","embeddable":true,"href":"https:\/\/collectifpleinlavue.org\/index.php\/wp-json\/wp\/v2\/categories?post=2438"},{"taxonomy":"post_tag","embeddable":true,"href":"https:\/\/collectifpleinlavue.org\/index.php\/wp-json\/wp\/v2\/tags?post=2438"}],"curies":[{"name":"wp","href":"https:\/\/api.w.org\/{rel}","templated":true}]}}