{"id":2255,"date":"2020-04-23T09:51:34","date_gmt":"2020-04-23T07:51:34","guid":{"rendered":"https:\/\/collectifpleinlavue.org\/?p=2255"},"modified":"2020-04-23T09:52:26","modified_gmt":"2020-04-23T07:52:26","slug":"plein-la-vue-demande-aux-deputes-du-rhone-de-sopposer-a-un-plan-durgence-pour-la-publicite","status":"publish","type":"post","link":"https:\/\/collectifpleinlavue.org\/index.php\/2020\/04\/23\/plein-la-vue-demande-aux-deputes-du-rhone-de-sopposer-a-un-plan-durgence-pour-la-publicite\/","title":{"rendered":"Plein la vue demande aux d\u00e9put\u00e9s du Rh\u00f4ne de s\u2019opposer \u00e0 un plan d\u2019urgence pour la publicit\u00e9"},"content":{"rendered":"\n<p><em>Communiqu\u00e9 de presse &#8211; 23 avril 2020<\/em><\/p>\n\n\n\n<p class=\"has-text-align-center\"><strong>Plein la vue demande aux d\u00e9put\u00e9s du Rh\u00f4ne de s\u2019opposer \u00e0 un plan d\u2019urgence pour la publicit\u00e9.<\/strong><\/p>\n\n\n\n<hr class=\"wp-block-separator\"\/>\n\n\n\n<p><strong>Le collectif Plein La Vue a <a href=\"https:\/\/collectifpleinlavue.org\/wp-content\/uploads\/2020\/04\/Lettre-ouverte-aux-d\u00e9put\u00e9s-du-Rh\u00f4ne.pdf\">\u00e9crit<\/a> ce mercredi 22 avril aux d\u00e9put\u00e9s du Rh\u00f4ne en r\u00e9action \u00e0 la<a href=\"https:\/\/www.ouest-france.fr\/economie\/entreprises\/entretien-soutenir-la-publicite-est-une-mesure-d-urgence-et-de-relance-selon-aurore-berge-6802567\">&nbsp;<\/a><\/strong><a href=\"https:\/\/www.ouest-france.fr\/economie\/entreprises\/entretien-soutenir-la-publicite-est-une-mesure-d-urgence-et-de-relance-selon-aurore-berge-6802567\"><u><strong>proposition<\/strong><\/u><\/a><strong>&nbsp;de la d\u00e9put\u00e9e, proche de l\u2019ex\u00e9cutif, Aurore Berg\u00e9 de mettre en place un cr\u00e9dit d\u2019imp\u00f4t d\u2019urgence au b\u00e9n\u00e9fice de l\u2019industrie publicitaire affect\u00e9e par la crise actuelle li\u00e9e \u00e0 la pand\u00e9mie du covid-19.<\/strong><\/p>\n\n\n\n<p>Le collectif milite habituellement pour une r\u00e9duction de la pression publicitaire \u00e0 l\u2019\u00e9chelle de la M\u00e9tropole de Lyon mais <a href=\"https:\/\/www.lejdd.fr\/Societe\/tribune-lappel-de-160-personnalites-a-dire-stop-aux-ecrans-video-publicitaires-3952433\"><u>intervient aussi au niveau national<\/u><\/a>&nbsp;qui reste un \u00e9chelon de d\u00e9cision fort en mati\u00e8re de publicit\u00e9. A ce titre,&nbsp;<strong>il est apparu n\u00e9cessaire au collectif de r\u00e9agir \u00e0 cette proposition de subvention nationale d\u2019urgence de la publicit\u00e9 qui lui semble ind\u00e9cente au regard de la crise actuelle, compromettante et anachronique au regard des enjeux li\u00e9s aux r\u00e9chauffement climatique et bas\u00e9e sur des motivations erron\u00e9es.<\/strong><\/p>\n\n\n\n<p>Le collectif Plein La Vue demande aux 14 d\u00e9put\u00e9s du Rh\u00f4ne de prendre les bonnes d\u00e9cisions contre cette proposition. Gabrielle Joint, co-pr\u00e9sidente du collectif Plein La Vue de pr\u00e9ciser : \u00ab&nbsp;<em>on attend que nos d\u00e9put\u00e9s jouent pleinement leur r\u00f4le de contre-pouvoir sur cette question alors que les rhodaniens sont fortement attach\u00e9s \u00e0 la lutte contre le r\u00e9chauffement climatique dont la publicit\u00e9 est un enjeu central. Ils l\u2019ont d\u00e9montr\u00e9 notamment par les succ\u00e8s des marches pour le Climat \u00e0 Lyon depuis 2018 qui placent la lutte contre l\u2019omnipr\u00e9sence publicitaire au c\u0153ur de ses demandes<\/em>&nbsp;\u00bb.<\/p>\n\n\n\n<p>Dans ce <a href=\"https:\/\/collectifpleinlavue.org\/wp-content\/uploads\/2020\/04\/Lettre-ouverte-aux-d\u00e9put\u00e9s-du-Rh\u00f4ne.pdf\"><strong>courrier<\/strong><\/a>, le collectif d\u00e9nonce tout d\u2019abord les motivations avanc\u00e9es par Madame Berg\u00e9 pour justifier cette proposition d\u2019initiative d\u2019urgence dont la finalit\u00e9 profonde ne serait pas de sauver le secteur publicitaire mais d\u2019aider les TPE-PME et \u00ab soutenir le r\u00f4le d\u00e9mocratique de la presse \u00bb qui d\u00e9pendraient chacun de la publicit\u00e9.<\/p>\n\n\n\n<p>Plein La Vue rel\u00e8ve ainsi que le motif du soutien au TPE et PME avanc\u00e9 est clairement impropre alors que la publicit\u00e9 est exclusivement ou presque l\u2019apanage des grands groupes*. Il d\u00e9nonce \u00e9galement, entre autres arguments, la \u00ab&nbsp;<em>grandiloquence<\/em>&nbsp;\u00bb et la contradiction de l\u2019argument sur le r\u00f4le d\u00e9mocratique de la presse financ\u00e9e par la publicit\u00e9 alors que la d\u00e9pendance \u00e9conomique aux annonceurs pose en r\u00e9alit\u00e9 la question de la d\u00e9pendance des lignes \u00e9ditoriales.<\/p>\n\n\n\n<figure class=\"wp-block-image size-large\"><img fetchpriority=\"high\" decoding=\"async\" width=\"1024\" height=\"768\" src=\"https:\/\/collectifpleinlavue.org\/wp-content\/uploads\/2018\/09\/CC-9e-Lyon-1024x768.jpg\" alt=\"\" class=\"wp-image-1030\" srcset=\"https:\/\/collectifpleinlavue.org\/wp-content\/uploads\/2018\/09\/CC-9e-Lyon-1024x768.jpg 1024w, https:\/\/collectifpleinlavue.org\/wp-content\/uploads\/2018\/09\/CC-9e-Lyon-300x225.jpg 300w, https:\/\/collectifpleinlavue.org\/wp-content\/uploads\/2018\/09\/CC-9e-Lyon-768x576.jpg 768w\" sizes=\"(max-width: 1024px) 100vw, 1024px\" \/><\/figure>\n\n\n\n<p>Mais c\u2019est surtout cette volont\u00e9 de sauver le secteur publicitaire avant les autres secteurs sociaux et \u00e9conomiques ainsi que le recours \u00e0 une logique de consum\u00e9risme pour relancer le pays que d\u00e9nonce le collectif. \u00ab&nbsp;<em>Nous consid\u00e9rons qu\u2019il est scandaleux de s\u2019empresser de sauver ce secteur alors que la crise d\u00e9montre l\u2019importance vitale d\u2019autres pans de notre \u00e9conomie et de nos services publi<\/em>cs \u00bb pr\u00e9cise Anthony Geoffroy, co-pr\u00e9sident du collectif. \u00ab&nbsp;<em>L\u2019urgence est au financement de notre sant\u00e9, \u00e0 notre souverainet\u00e9 alimentaire qui passe aujourd\u2019hui par l\u2019accompagnement de la production locale et des circuits courts, \u00e0 la survie de nos commer\u00e7ants de proximit\u00e9 qui n\u2019ont pas recours \u00e0 la publicit\u00e9<\/em>&nbsp;\u00bb**.<\/p>\n\n\n\n<p>La proposition heurte enfin le collectif pour son m\u00e9canisme de relance de l\u2019\u00e9conomie par la stimulation du consum\u00e9risme. \u00ab\u00a0<em>Le seul point sur lequel nous sommes d\u2019accord avec Aurore Berg\u00e9, c\u2019est que la publicit\u00e9 stimule le consum\u00e9risme et m\u00eame la surconsommation<\/em>\u00a0\u00bb pr\u00e9cise Anthony Geoffroy. \u00ab\u00a0<em>Or, nous savons que cela est fatal pour l\u2019environnement. On ne pourra pas sauver notre pays en relan\u00e7ant ses pires logiques climaticides comme on l\u2019a vu avec l\u2019omnipr\u00e9sence des publicit\u00e9s pour S.U.V qui ont particip\u00e9 \u00e0 l\u2019\u00e9mergence massive de ces v\u00e9hicules tr\u00e8s polluants<\/em>\u00a0\u00bb. Le collectif rappelle ainsi que cette proposition irait \u00e0 l\u2019encontre des pistes de travail d\u00e9velopp\u00e9es notamment par la Convention Citoyenne pour le Climat qui a cibl\u00e9 la publicit\u00e9 parmi les activit\u00e9s probl\u00e9matiques pour la protection de l\u2019environnement et la lutte contre le r\u00e9chauffement climatique. Par ailleurs, le rapport publi\u00e9 mardi par le Haut conseil pour le climat, mise en place par Emmanuel Macron, \u00e9voque \u00e0 de nombreuses reprises cette surconsommation avec par exemple la n\u00e9cessit\u00e9 de\u00a0<em>\u00ab\u00a0renforcer les engagements de communication responsable pour \u00e9viter les effets de verdissements abusifs\u00a0ou de surconsommation de produits ou de pratiques toujours fortement carbon\u00e9es\u00a0\u00bb<\/em>.<\/p>\n\n\n\n<p><em>*<a href=\"https:\/\/collectifpleinlavue.org\/index.php\/argumentaire\/\"><u>un nombre restreint d\u2019entreprises monopolise 80% des messages publicitaires<\/u><\/a><\/em><\/p>\n\n\n\n<p><em>**<a href=\"https:\/\/drive.google.com\/file\/d\/14MHa7B_22K2Cye3fU3UcciBx2rNIcye5\/view?usp=sharing\"><u>96% des commer\u00e7ants de proximit\u00e9 n\u2019ont jamais eu recours \u00e0 la publicit\u00e9 dans les espaces publics<\/u><\/a><\/em><\/p>\n","protected":false},"excerpt":{"rendered":"<p>Communiqu\u00e9 de presse &#8211; 23 avril 2020 Plein la vue demande aux d\u00e9put\u00e9s du Rh\u00f4ne de s\u2019opposer \u00e0 un plan d\u2019urgence pour la publicit\u00e9. Le collectif Plein La Vue a \u00e9crit ce mercredi 22 avril aux d\u00e9put\u00e9s du Rh\u00f4ne en r\u00e9action \u00e0 la&nbsp;proposition&nbsp;de la d\u00e9put\u00e9e, proche de l\u2019ex\u00e9cutif, Aurore Berg\u00e9 de mettre en place un [&hellip;]<\/p>\n","protected":false},"author":2,"featured_media":1030,"comment_status":"closed","ping_status":"open","sticky":false,"template":"","format":"standard","meta":{"footnotes":""},"categories":[6,7],"tags":[],"class_list":["post-2255","post","type-post","status-publish","format-standard","has-post-thumbnail","hentry","category-info","category-news"],"blocksy_meta":[],"_links":{"self":[{"href":"https:\/\/collectifpleinlavue.org\/index.php\/wp-json\/wp\/v2\/posts\/2255","targetHints":{"allow":["GET"]}}],"collection":[{"href":"https:\/\/collectifpleinlavue.org\/index.php\/wp-json\/wp\/v2\/posts"}],"about":[{"href":"https:\/\/collectifpleinlavue.org\/index.php\/wp-json\/wp\/v2\/types\/post"}],"author":[{"embeddable":true,"href":"https:\/\/collectifpleinlavue.org\/index.php\/wp-json\/wp\/v2\/users\/2"}],"replies":[{"embeddable":true,"href":"https:\/\/collectifpleinlavue.org\/index.php\/wp-json\/wp\/v2\/comments?post=2255"}],"version-history":[{"count":5,"href":"https:\/\/collectifpleinlavue.org\/index.php\/wp-json\/wp\/v2\/posts\/2255\/revisions"}],"predecessor-version":[{"id":2262,"href":"https:\/\/collectifpleinlavue.org\/index.php\/wp-json\/wp\/v2\/posts\/2255\/revisions\/2262"}],"wp:featuredmedia":[{"embeddable":true,"href":"https:\/\/collectifpleinlavue.org\/index.php\/wp-json\/wp\/v2\/media\/1030"}],"wp:attachment":[{"href":"https:\/\/collectifpleinlavue.org\/index.php\/wp-json\/wp\/v2\/media?parent=2255"}],"wp:term":[{"taxonomy":"category","embeddable":true,"href":"https:\/\/collectifpleinlavue.org\/index.php\/wp-json\/wp\/v2\/categories?post=2255"},{"taxonomy":"post_tag","embeddable":true,"href":"https:\/\/collectifpleinlavue.org\/index.php\/wp-json\/wp\/v2\/tags?post=2255"}],"curies":[{"name":"wp","href":"https:\/\/api.w.org\/{rel}","templated":true}]}}