{"id":2166,"date":"2020-03-02T07:46:39","date_gmt":"2020-03-02T06:46:39","guid":{"rendered":"https:\/\/collectifpleinlavue.org\/?p=2166"},"modified":"2020-03-02T07:46:39","modified_gmt":"2020-03-02T06:46:39","slug":"communique-de-presse-tribune-nationale-contre-les-ecrans-publicitaires-les-candidats-doivent-se-positionner-a-lyon","status":"publish","type":"post","link":"https:\/\/collectifpleinlavue.org\/index.php\/2020\/03\/02\/communique-de-presse-tribune-nationale-contre-les-ecrans-publicitaires-les-candidats-doivent-se-positionner-a-lyon\/","title":{"rendered":"Communiqu\u00e9 de presse &#8211; Tribune nationale contre les \u00e9crans publicitaires : les candidats doivent se positionner \u00e0 Lyon"},"content":{"rendered":"\n<p><em>Communiqu\u00e9 de presse &#8211; 2 mars 2020<\/em><\/p>\n\n\n\n<p><strong>Tribune nationale contre les \u00e9crans publicitaires : les candidats doivent se positionner \u00e0 Lyon<\/strong><\/p>\n\n\n\n<p>Le Collectif Plein la Vue a co-\u00e9crit  une tribune contre les \u00e9crans vid\u00e9os publicitaires publi\u00e9e ce dimanche 1er mars dans le Journal du Dimanche (<a href=\"https:\/\/www.lejdd.fr\/Societe\/tribune-lappel-de-160-personnalites-a-dire-stop-aux-ecrans-video-publicitaires-3952433\"><strong>lire ICI<\/strong><\/a>). L\u2019appel est cosign\u00e9 par 67 parlementaires de tous bords politiques, 70 scientifiques et 25 repr\u00e9sentants associatifs et personnalit\u00e9s. Le texte d\u00e9nonce les impacts \u00e9cologiques, sanitaires et sociaux de ces supports publicitaires num\u00e9riques, en cours de prolif\u00e9ration partout en France, et appelle \u00e0 la prise de mesures nationales. Dans le contexte des \u00e9lections municipales, les futurs \u00e9lus locaux sont invit\u00e9s  \u00e0 prendre position pour l\u2019interdiction de ces \u00e9crans.&nbsp;<\/p>\n\n\n\n<p>Le Collectif Plein la Vue appelle les  candidats aux \u00e9lections municipales et m\u00e9tropolitaines \u00e0 Lyon \u00e0 se positionner fermement contre l\u2019autorisation des \u00e9crans dans le cadre du futur R\u00e8glement Local de Publicit\u00e9 intercommunal (RLPi), qui sera vot\u00e9 d\u00e8s le d\u00e9but du prochain mandat.&nbsp;<\/p>\n\n\n\n<p>Pour Anthony Geoffroy, Co-Pr\u00e9sident  du Collectif Plein La Vue : <em>\u201cApr\u00e8s plus de deux ans de travail de notre collectif au niveau local, il s\u2019agit de la premi\u00e8re prise de position forte au niveau national et nous nous f\u00e9licitons de ce v\u00e9ritable changement d\u2019\u00e9chelle. Nous esp\u00e9rons qu\u2019elle marquera un point d\u2019\u00e9tape pour interdire ces \u00e9crans. Le soutien apport\u00e9 \u00e0 cette tribune par les 67 parlementaires montre en tous cas que nous sommes pr\u00eats aussi pour changer la loi au niveau national. Localement, \u00e0 Lyon, les candidats aux \u00e9lections municipales et m\u00e9tropolitaines ne doivent pas attendre pour se positionner. Le sujet doit \u00eatre trait\u00e9 par l\u2019ensemble des acteurs du d\u00e9bat public. Certains candidats se sont d\u00e9j\u00e0  positionn\u00e9s sur cette question des \u00e9crans, mais que r\u00e9pondent G\u00e9rard Collomb et David Kimelfled \u00e0 la mise en garde sans appel de ces scientifiques, intellectuels, personnalit\u00e9s et repr\u00e9sentants associatifs nationaux ? Il serait temps de suivre la voix  de la raison et celle des citoyens, plut\u00f4t que celle de JC Decaux.\u201d&nbsp;<\/em><\/p>\n\n\n\n<figure class=\"wp-block-image size-large\"><img fetchpriority=\"high\" decoding=\"async\" width=\"1024\" height=\"576\" src=\"https:\/\/collectifpleinlavue.org\/wp-content\/uploads\/2019\/10\/76659841_1351214048370160_7074399912103772160_n-1024x576.jpg\" alt=\"\" class=\"wp-image-1902\" srcset=\"https:\/\/collectifpleinlavue.org\/wp-content\/uploads\/2019\/10\/76659841_1351214048370160_7074399912103772160_n-1024x576.jpg 1024w, https:\/\/collectifpleinlavue.org\/wp-content\/uploads\/2019\/10\/76659841_1351214048370160_7074399912103772160_n-300x169.jpg 300w, https:\/\/collectifpleinlavue.org\/wp-content\/uploads\/2019\/10\/76659841_1351214048370160_7074399912103772160_n-768x432.jpg 768w, https:\/\/collectifpleinlavue.org\/wp-content\/uploads\/2019\/10\/76659841_1351214048370160_7074399912103772160_n.jpg 2048w\" sizes=\"(max-width: 1024px) 100vw, 1024px\" \/><\/figure>\n\n\n\n<p>Pour Marie-H\u00e9l\u00e8ne Lafage, porte-parole  du Collectif : <em>\u201cSi autant d\u2019acteurs scientifiques et associatifs sont pr\u00eats \u00e0 prendre la parole, alors nous ne pouvons plus minimiser le probl\u00e8me. La diversit\u00e9 et le s\u00e9rieux des signataires montre que la parole des citoyens commence \u00e0 \u00eatre entendue, appuy\u00e9e par la communaut\u00e9 scientifique. Si des d\u00e9put\u00e9s de tous bords sont capables de se rassembler pour dire stop aux \u00e9crans, pourquoi en serait-on incapables \u00e0 Lyon ?<\/em>\u00ab\u00a0<\/p>\n\n\n\n<p>Le Collectif Plein la Vue a publi\u00e9 cette semaine les r\u00e9sultats de son questionnaire envoy\u00e9 aux candidats dans l\u2019agglom\u00e9ration lyonnaise (voir CP des r\u00e9sultats de notre consultation <a rel=\"noreferrer noopener\" href=\"https:\/\/collectifpleinlavue.org\/index.php\/2020\/02\/27\/la-publicite-envahit-nos-villes-comment-les-candidats-sur-le-territoire-de-la-metropole-de-lyon-envisagent-ils-de-nous-proteger\/\" target=\"_blank\"><strong>ICI<\/strong><\/a>).  \u00c0 cette date, David Kimelfeld et G\u00e9rard Collomb ont toujours pr\u00e9vu d\u2019autoriser l\u2019installation des \u00e9crans vid\u00e9os publicitaires dans les rues de Lyon, en plus de ceux d\u00e9j\u00e0 pr\u00e9sents dans les m\u00e9tros, gares et centres commerciaux.&nbsp;<br><\/p>\n","protected":false},"excerpt":{"rendered":"<p>Communiqu\u00e9 de presse &#8211; 2 mars 2020 Tribune nationale contre les \u00e9crans publicitaires : les candidats doivent se positionner \u00e0 Lyon Le Collectif Plein la Vue a co-\u00e9crit une tribune contre les \u00e9crans vid\u00e9os publicitaires publi\u00e9e ce dimanche 1er mars dans le Journal du Dimanche (lire ICI). L\u2019appel est cosign\u00e9 par 67 parlementaires de tous [&hellip;]<\/p>\n","protected":false},"author":2,"featured_media":1902,"comment_status":"closed","ping_status":"open","sticky":false,"template":"","format":"standard","meta":{"footnotes":""},"categories":[6,7],"tags":[],"class_list":["post-2166","post","type-post","status-publish","format-standard","has-post-thumbnail","hentry","category-info","category-news"],"blocksy_meta":[],"_links":{"self":[{"href":"https:\/\/collectifpleinlavue.org\/index.php\/wp-json\/wp\/v2\/posts\/2166","targetHints":{"allow":["GET"]}}],"collection":[{"href":"https:\/\/collectifpleinlavue.org\/index.php\/wp-json\/wp\/v2\/posts"}],"about":[{"href":"https:\/\/collectifpleinlavue.org\/index.php\/wp-json\/wp\/v2\/types\/post"}],"author":[{"embeddable":true,"href":"https:\/\/collectifpleinlavue.org\/index.php\/wp-json\/wp\/v2\/users\/2"}],"replies":[{"embeddable":true,"href":"https:\/\/collectifpleinlavue.org\/index.php\/wp-json\/wp\/v2\/comments?post=2166"}],"version-history":[{"count":5,"href":"https:\/\/collectifpleinlavue.org\/index.php\/wp-json\/wp\/v2\/posts\/2166\/revisions"}],"predecessor-version":[{"id":2178,"href":"https:\/\/collectifpleinlavue.org\/index.php\/wp-json\/wp\/v2\/posts\/2166\/revisions\/2178"}],"wp:featuredmedia":[{"embeddable":true,"href":"https:\/\/collectifpleinlavue.org\/index.php\/wp-json\/wp\/v2\/media\/1902"}],"wp:attachment":[{"href":"https:\/\/collectifpleinlavue.org\/index.php\/wp-json\/wp\/v2\/media?parent=2166"}],"wp:term":[{"taxonomy":"category","embeddable":true,"href":"https:\/\/collectifpleinlavue.org\/index.php\/wp-json\/wp\/v2\/categories?post=2166"},{"taxonomy":"post_tag","embeddable":true,"href":"https:\/\/collectifpleinlavue.org\/index.php\/wp-json\/wp\/v2\/tags?post=2166"}],"curies":[{"name":"wp","href":"https:\/\/api.w.org\/{rel}","templated":true}]}}