{"id":2019,"date":"2019-12-12T16:23:41","date_gmt":"2019-12-12T15:23:41","guid":{"rendered":"https:\/\/collectifpleinlavue.org\/?p=2019"},"modified":"2019-12-12T16:23:42","modified_gmt":"2019-12-12T15:23:42","slug":"succes-de-la-mobilisation-citoyenne-la-metropole-de-lyon-renonce-a-linstallation-des-ecrans-video-publicitaires-pour-financer-les-velov-electriques","status":"publish","type":"post","link":"https:\/\/collectifpleinlavue.org\/index.php\/2019\/12\/12\/succes-de-la-mobilisation-citoyenne-la-metropole-de-lyon-renonce-a-linstallation-des-ecrans-video-publicitaires-pour-financer-les-velov-electriques\/","title":{"rendered":"Succ\u00e8s de la mobilisation citoyenne : la M\u00e9tropole de Lyon renonce \u00e0 l&rsquo;installation des \u00e9crans vid\u00e9o publicitaires pour financer les V\u00e9lo&rsquo;V \u00e9lectriques"},"content":{"rendered":"\n<p>Communiqu\u00e9 de presse &#8211; 12 d\u00e9cembre 2019<\/p>\n\n\n\n<p><strong>Succ\u00e8s de la mobilisation citoyenne : la M\u00e9tropole de Lyon renonce \u00e0 l&rsquo;installation des \u00e9crans vid\u00e9o publicitaires pour financer les V\u00e9lo&rsquo;V \u00e9lectriques<\/strong><\/p>\n\n\n\n<hr class=\"wp-block-separator\"\/>\n\n\n\n<p><strong>La M\u00e9tropole de Lyon a d\u00e9cid\u00e9 de la mise en place de V\u00e9lo\u2019v \u00e0\nassistance \u00e9lectrique en participant \u00e0 son financement par le biais d\u2019une\nsubvention annuelle d\u2019un montant d\u2019environ 1,2 millions d\u2019euros. La M\u00e9tropole\nrenonce ainsi au financement de ces v\u00e9los par l\u2019installation de panneaux\npublicitaires num\u00e9riques comme elle l\u2019envisageait jusqu\u2019\u00e0 pr\u00e9sent. Le collectif\nPlein La Vue se f\u00e9licite de cette d\u00e9cision.<\/strong><\/p>\n\n\n\n<p>Suite \u00e0 un <a rel=\"noreferrer noopener\" href=\"https:\/\/www.lyoncapitale.fr\/actualite\/lyon-le-velo-v-electrique-arrive-le-20-fevrier-comment-en-profiter\/\" target=\"_blank\">article de Lyon Capitale<\/a> paru ce jeudi 12 d\u00e9cembre, nous apprenons que la M\u00e9tropole de Lyon s\u2019appr\u00eate \u00e0 voter une subvention qui permettra la mise en place des Velo\u2019V \u00e9lectriques sans que cela n\u2019implique l\u2019installation de publicit\u00e9s num\u00e9riques. Son contrat de d\u00e9l\u00e9gation du gestion du mobilier urbain envisageait en effet le financement de ces v\u00e9los \u00e9lectriques par le prestataire (JC. Decaux) en contre-partie de l&rsquo;installation d&rsquo;une centaine de panneaux publicitaires num\u00e9riques. <\/p>\n\n\n\n<p><strong>Le Collectif Plein La Vue se f\u00e9licite de la d\u00e9cision positive pour notre cadre de vie et le d\u00e9bat sur le R\u00e8glement Local\nde Publicit\u00e9 intercommunal. <\/strong>Elle montre que la d\u00e9pendance aux\nlobbies publicitaires n\u2019est pas une fatalit\u00e9 avec un peu de volont\u00e9 politique\nau service du bien commun. \nA travers\ncette d\u00e9cision, la M\u00e9tropole se rend moins d\u00e9pendante du lobby publicitaire\ndans le cadre de ses politiques de d\u00e9placements. Par ailleurs, elle clarifie le\nd\u00e9bat sur le futur R\u00e8glement Local de Publicit\u00e9 intercommunal (RLPi). En effet,\ncelui-ci se trouvait biais\u00e9 par l\u2019\u00e9p\u00e9e de Damocl\u00e8s que repr\u00e9sentait l\u2019absence\nde V\u00e9lo\u2019V \u00e9lectriques en cas d\u2019interdiction des publicit\u00e9s num\u00e9riques. \n\n<\/p>\n\n\n\n<figure class=\"wp-block-image size-large\"><img fetchpriority=\"high\" decoding=\"async\" width=\"1024\" height=\"518\" src=\"https:\/\/collectifpleinlavue.org\/wp-content\/uploads\/2019\/03\/53476422_1200773200084897_6272887499169726464_n-1024x518.jpeg\" alt=\"\" class=\"wp-image-1657\" srcset=\"https:\/\/collectifpleinlavue.org\/wp-content\/uploads\/2019\/03\/53476422_1200773200084897_6272887499169726464_n-1024x518.jpeg 1024w, https:\/\/collectifpleinlavue.org\/wp-content\/uploads\/2019\/03\/53476422_1200773200084897_6272887499169726464_n-300x152.jpeg 300w, https:\/\/collectifpleinlavue.org\/wp-content\/uploads\/2019\/03\/53476422_1200773200084897_6272887499169726464_n-768x389.jpeg 768w, https:\/\/collectifpleinlavue.org\/wp-content\/uploads\/2019\/03\/53476422_1200773200084897_6272887499169726464_n.jpeg 1658w\" sizes=\"(max-width: 1024px) 100vw, 1024px\" \/><\/figure>\n\n\n\n<p>Anthony Geoffroy, co-pr\u00e9sident du\nCollectif Plein La Vue nous pr\u00e9cise&nbsp;:&nbsp;\u00ab<em>&nbsp;Depuis ses d\u00e9buts, notre\nCollectif a toujours insist\u00e9 sur le fait que la mise en place des V\u00e9lo\u2019V\n\u00e9lectriques ne devait pas \u00eatre contrainte par l\u2019installation de dispositifs\npublicitaires num\u00e9riques car son co\u00fbt pouvait \u00eatre facilement assum\u00e9 par la\ncollectivit\u00e9 au regard de son budget.<\/em> Et de rajouter&nbsp;: <em>\u00ab&nbsp;On voit aujourd\u2019hui\nune multiplication des politiques publiques en faveur des d\u00e9placements doux, du\npatrimoine ou encore de l\u2019isolation de b\u00e2timents qui reposent sur la publicit\u00e9\nplut\u00f4t que sur le budget public. On croit que c\u2019est gratuit, mais c\u2019est faux,\ncar la publicit\u00e9 a un co\u00fbt financier et en termes de nuisances. Par ailleurs,\nil n\u2019y a aucune coh\u00e9rence dans le fait de favoriser les d\u00e9placements doux par l\u2019entremise\nd\u2019un prestataire dont l\u2019activit\u00e9 r\u00e9elle est de faire de la publicit\u00e9 pour des voitures\nou autres S.U.V&nbsp;\u00bb.<\/em><\/p>\n\n\n\n<p><em>\u00ab&nbsp;Jusqu\u2019\u00e0 ce jour, le d\u00e9bat sur le futur R\u00e8glement Local de Publicit\u00e9\nintercommunal semblait biais\u00e9 par la contrainte d\u2019un possible engagement contractuel\nde la M\u00e9tropole aupr\u00e8s de son prestataire mobilier urbain (JC D\u00e9caux)&nbsp;\u00bb\n<\/em>nous dit Gabrielle Joint, co-pr\u00e9sidente du Collectif Plein La Vue. Et d\u2019insister&nbsp;:\n<em>\u00ab&nbsp;Ce cheval de Troie du lobby publicitaire est maintenant \u00e9cart\u00e9. Il aura\nfallu que notre collectif insiste pendant deux ans pour que l\u2019on parvienne \u00e0\nassainir le d\u00e9bat public et institutionnel sur ce point. <strong>Nous nous f\u00e9licitons de cette r\u00e9ussite sur ce point pr\u00e9cis des \u00e9crans vid\u00e9o, mais nous continuerons \u00e0 travailler pour exiger une forte diminution de la pression publicitaire, ce qui n&rsquo;est pas encore \u00e0 l&rsquo;ordre du jour de la M\u00e9tropole<\/strong>\u00ab\u00a0.<\/em><\/p>\n\n\n\n<p>A travers cette d\u00e9cision la\nM\u00e9tropole de Lyon permet donc de clarifier le d\u00e9bat institutionnel mais aussi\npolitique. Celui-ci se poursuivra durant les campagnes \u00e9lectorales et \u00e0 la\nreprise de la proc\u00e9dure de RLPi apr\u00e8s les \u00e9lections. Notre collectif note qu\u2019il n\u2019y a\nmaintenant plus d\u2019obstacle vers l\u2019interdiction des dispositifs num\u00e9riques dans\nle futur RLPi. Il rappellera avec insistance \u00e0 nos \u00e9lus actuels et futurs la\nn\u00e9cessit\u00e9 de r\u00e9pondre aux Grands Lyonnais qui, pour 97% d\u2019entre eux, sont\ncontre l\u2019installation de panneaux publicitaires num\u00e9riques.<\/p>\n","protected":false},"excerpt":{"rendered":"<p>Communiqu\u00e9 de presse &#8211; 12 d\u00e9cembre 2019 Succ\u00e8s de la mobilisation citoyenne : la M\u00e9tropole de Lyon renonce \u00e0 l&rsquo;installation des \u00e9crans vid\u00e9o publicitaires pour financer les V\u00e9lo&rsquo;V \u00e9lectriques La M\u00e9tropole de Lyon a d\u00e9cid\u00e9 de la mise en place de V\u00e9lo\u2019v \u00e0 assistance \u00e9lectrique en participant \u00e0 son financement par le biais d\u2019une subvention [&hellip;]<\/p>\n","protected":false},"author":2,"featured_media":1657,"comment_status":"closed","ping_status":"open","sticky":false,"template":"","format":"standard","meta":{"footnotes":""},"categories":[6,7],"tags":[],"class_list":["post-2019","post","type-post","status-publish","format-standard","has-post-thumbnail","hentry","category-info","category-news"],"blocksy_meta":[],"_links":{"self":[{"href":"https:\/\/collectifpleinlavue.org\/index.php\/wp-json\/wp\/v2\/posts\/2019","targetHints":{"allow":["GET"]}}],"collection":[{"href":"https:\/\/collectifpleinlavue.org\/index.php\/wp-json\/wp\/v2\/posts"}],"about":[{"href":"https:\/\/collectifpleinlavue.org\/index.php\/wp-json\/wp\/v2\/types\/post"}],"author":[{"embeddable":true,"href":"https:\/\/collectifpleinlavue.org\/index.php\/wp-json\/wp\/v2\/users\/2"}],"replies":[{"embeddable":true,"href":"https:\/\/collectifpleinlavue.org\/index.php\/wp-json\/wp\/v2\/comments?post=2019"}],"version-history":[{"count":1,"href":"https:\/\/collectifpleinlavue.org\/index.php\/wp-json\/wp\/v2\/posts\/2019\/revisions"}],"predecessor-version":[{"id":2020,"href":"https:\/\/collectifpleinlavue.org\/index.php\/wp-json\/wp\/v2\/posts\/2019\/revisions\/2020"}],"wp:featuredmedia":[{"embeddable":true,"href":"https:\/\/collectifpleinlavue.org\/index.php\/wp-json\/wp\/v2\/media\/1657"}],"wp:attachment":[{"href":"https:\/\/collectifpleinlavue.org\/index.php\/wp-json\/wp\/v2\/media?parent=2019"}],"wp:term":[{"taxonomy":"category","embeddable":true,"href":"https:\/\/collectifpleinlavue.org\/index.php\/wp-json\/wp\/v2\/categories?post=2019"},{"taxonomy":"post_tag","embeddable":true,"href":"https:\/\/collectifpleinlavue.org\/index.php\/wp-json\/wp\/v2\/tags?post=2019"}],"curies":[{"name":"wp","href":"https:\/\/api.w.org\/{rel}","templated":true}]}}