{"id":1924,"date":"2019-11-02T11:03:45","date_gmt":"2019-11-02T10:03:45","guid":{"rendered":"http:\/\/collectifpleinlavue.org\/?p=1924"},"modified":"2019-12-13T19:26:33","modified_gmt":"2019-12-13T18:26:33","slug":"revue-de-presse-novembre-2019","status":"publish","type":"post","link":"https:\/\/collectifpleinlavue.org\/index.php\/2019\/11\/02\/revue-de-presse-novembre-2019\/","title":{"rendered":"Revue de presse &#8211; novembre 2019"},"content":{"rendered":"\n<p><strong>Ce mois-ci : France 3, BFM Lyon, Le Progr\u00e8s, Lyon Capitale, Lyon Mag, Tonic Radio, Radio scoop, Actu.fr&#8230;<\/strong><\/p>\n\n\n\n<hr class=\"wp-block-separator\"\/>\n\n\n\n<div class=\"wp-block-media-text alignwide\" style=\"grid-template-columns:28% auto\"><figure class=\"wp-block-media-text__media\"><img fetchpriority=\"high\" decoding=\"async\" width=\"1024\" height=\"428\" src=\"https:\/\/collectifpleinlavue.org\/wp-content\/uploads\/2018\/01\/Logo-le-progres-1024x428.jpg\" alt=\"\" class=\"wp-image-359\" srcset=\"https:\/\/collectifpleinlavue.org\/wp-content\/uploads\/2018\/01\/Logo-le-progres-1024x428.jpg 1024w, https:\/\/collectifpleinlavue.org\/wp-content\/uploads\/2018\/01\/Logo-le-progres-300x125.jpg 300w, https:\/\/collectifpleinlavue.org\/wp-content\/uploads\/2018\/01\/Logo-le-progres-768x321.jpg 768w, https:\/\/collectifpleinlavue.org\/wp-content\/uploads\/2018\/01\/Logo-le-progres.jpg 1196w\" sizes=\"(max-width: 1024px) 100vw, 1024px\" \/><\/figure><div class=\"wp-block-media-text__content\">\n<p class=\"has-large-font-size\"><strong>25 novembre 2019 &#8211; Une p\u00e9tition pour dire \u00ab\u00a0Non\u00a0\u00bb aux publicit\u00e9s vid\u00e9os dans les rues de Lyon.<\/strong> Le R\u00e8glement local de publicit\u00e9 intercommunal devrait \u00eatre valid\u00e9 apr\u00e8s les \u00e9lections municipales et m\u00e9tropolitaines de mars&#8230; <em><strong><a href=\"https:\/\/collectifpleinlavue.org\/wp-content\/uploads\/2019\/12\/2019-11-26-Le-Progr\u00e8s.png\">LIRE LA SUITE<\/a><\/strong><\/em>.<\/p>\n<\/div><\/div>\n\n\n\n<hr class=\"wp-block-separator\"\/>\n\n\n\n<figure class=\"wp-block-embed-youtube wp-block-embed is-type-video is-provider-youtube wp-embed-aspect-16-9 wp-has-aspect-ratio\"><div class=\"wp-block-embed__wrapper\">\n<iframe title=\"Action pub vid\u00e9o 2019 11 25 France3\" width=\"1290\" height=\"726\" src=\"https:\/\/www.youtube.com\/embed\/mWEJCMZNDRY?feature=oembed\" frameborder=\"0\" allow=\"accelerometer; autoplay; clipboard-write; encrypted-media; gyroscope; picture-in-picture; web-share\" referrerpolicy=\"strict-origin-when-cross-origin\" allowfullscreen><\/iframe>\n<\/div><figcaption>Journal de 19h de France 3 Grand Lyon &#8211; 25 novembre 2015<\/figcaption><\/figure>\n\n\n\n<hr class=\"wp-block-separator\"\/>\n\n\n\n<div class=\"wp-block-media-text alignwide\" style=\"grid-template-columns:19% auto\"><figure class=\"wp-block-media-text__media\"><img decoding=\"async\" width=\"225\" height=\"225\" src=\"https:\/\/collectifpleinlavue.org\/wp-content\/uploads\/2019\/11\/Logo-BFM-Lyon.png\" alt=\"\" class=\"wp-image-2005\" srcset=\"https:\/\/collectifpleinlavue.org\/wp-content\/uploads\/2019\/11\/Logo-BFM-Lyon.png 225w, https:\/\/collectifpleinlavue.org\/wp-content\/uploads\/2019\/11\/Logo-BFM-Lyon-150x150.png 150w\" sizes=\"(max-width: 225px) 100vw, 225px\" \/><\/figure><div class=\"wp-block-media-text__content\">\n<p class=\"has-large-font-size\"><strong>25 novembre 2019 &#8211; Nouvelle op\u00e9ration anti-pub \u00e0 Lyon pour dire non \u00e0 la publicit\u00e9 vid\u00e9o dans les rues&#8230;<em> <a href=\"https:\/\/www.youtube.com\/watch?v=FC8jLAtJWcQ\">VOIR LA VID\u00c9O<\/a><\/em><\/strong>.<\/p>\n<\/div><\/div>\n\n\n\n<hr class=\"wp-block-separator\"\/>\n\n\n\n<div class=\"wp-block-media-text alignwide\" style=\"grid-template-columns:27% auto\"><figure class=\"wp-block-media-text__media\"><img decoding=\"async\" width=\"586\" height=\"390\" src=\"https:\/\/collectifpleinlavue.org\/wp-content\/uploads\/2018\/11\/Logo-France3-RA.jpg\" alt=\"\" class=\"wp-image-1115\" srcset=\"https:\/\/collectifpleinlavue.org\/wp-content\/uploads\/2018\/11\/Logo-France3-RA.jpg 586w, https:\/\/collectifpleinlavue.org\/wp-content\/uploads\/2018\/11\/Logo-France3-RA-300x200.jpg 300w, https:\/\/collectifpleinlavue.org\/wp-content\/uploads\/2018\/11\/Logo-France3-RA-360x240.jpg 360w\" sizes=\"(max-width: 586px) 100vw, 586px\" \/><\/figure><div class=\"wp-block-media-text__content\">\n<p class=\"has-large-font-size\"><strong>25 novembre 2019 &#8211; M\u00e9tropole de Lyon: des militants en campagne contre les \u00e9crans et enseignes vid\u00e9o publicitaires.<\/strong> Le collectif Plein La Vue dit non aux \u00e9crans et enseignes vid\u00e9o publicitaires dans la M\u00e9tropole de Lyon&#8230; <em><strong><a href=\"https:\/\/france3-regions.francetvinfo.fr\/auvergne-rhone-alpes\/rhone\/lyon\/metropole-lyon-militants-campagne-contre-ecrans-enseignes-video-publicitaires-1754231.html\">LIRE LA SUITE<\/a><\/strong><\/em>.<\/p>\n<\/div><\/div>\n\n\n\n<hr class=\"wp-block-separator\"\/>\n\n\n\n<hr class=\"wp-block-separator\"\/>\n\n\n\n<div class=\"wp-block-media-text alignwide\" style=\"grid-template-columns:19% auto\"><figure class=\"wp-block-media-text__media\"><img loading=\"lazy\" decoding=\"async\" width=\"200\" height=\"200\" src=\"https:\/\/collectifpleinlavue.org\/wp-content\/uploads\/2018\/03\/Logo-Radio-Scoop.png\" alt=\"\" class=\"wp-image-654\" srcset=\"https:\/\/collectifpleinlavue.org\/wp-content\/uploads\/2018\/03\/Logo-Radio-Scoop.png 200w, https:\/\/collectifpleinlavue.org\/wp-content\/uploads\/2018\/03\/Logo-Radio-Scoop-150x150.png 150w\" sizes=\"(max-width: 200px) 100vw, 200px\" \/><\/figure><div class=\"wp-block-media-text__content\">\n<p class=\"has-large-font-size\"><strong>25 novembre 2019 &#8211; Nouvelle action antipub dans la M\u00e9tropole de Lyon.<\/strong> 500 panneaux publicitaires ont \u00e9t\u00e9 recouverts d&rsquo;affiches pour dire \u00ab\u00a0NON\u00a0\u00bb aux publicit\u00e9s vid\u00e9os dans les rues de la M\u00e9tropole de Lyon&#8230; <strong><em><a href=\"https:\/\/www.radioscoop.com\/infos\/nouvelle-action-anti-pub-dans-la-metropole-de-lyon_177742\">LIRE LA SUITE<\/a><\/em><\/strong>.<\/p>\n<\/div><\/div>\n\n\n\n<hr class=\"wp-block-separator\"\/>\n\n\n\n<div class=\"wp-block-media-text alignwide\" style=\"grid-template-columns:19% auto\"><figure class=\"wp-block-media-text__media\"><img loading=\"lazy\" decoding=\"async\" width=\"390\" height=\"390\" src=\"https:\/\/collectifpleinlavue.org\/wp-content\/uploads\/2019\/01\/Logo-Tonic-Radio-1.png\" alt=\"\" class=\"wp-image-1306\" srcset=\"https:\/\/collectifpleinlavue.org\/wp-content\/uploads\/2019\/01\/Logo-Tonic-Radio-1.png 390w, https:\/\/collectifpleinlavue.org\/wp-content\/uploads\/2019\/01\/Logo-Tonic-Radio-1-150x150.png 150w, https:\/\/collectifpleinlavue.org\/wp-content\/uploads\/2019\/01\/Logo-Tonic-Radio-1-300x300.png 300w\" sizes=\"(max-width: 390px) 100vw, 390px\" \/><\/figure><div class=\"wp-block-media-text__content\">\n<p class=\"has-large-font-size\"><strong>25 novembre 2019 &#8211; Lyon : une nouvelle action contre les panneaux publicitaires. <\/strong>500 panneaux publicitaires ont \u00e9t\u00e9 recouverts ce lundi matin \u00e0 Lyon, Villeurbanne, Caluire, V\u00e9nissieux et Bron pour dire non&#8230; <em><strong><a href=\"https:\/\/www.tonicradio.fr\/lyon-une-nouvelle-action-contre-les-panneaux-publicitaires\/\">LIRE LA SUITE<\/a><\/strong><\/em>.<\/p>\n<\/div><\/div>\n\n\n\n<hr class=\"wp-block-separator\"\/>\n\n\n\n<div class=\"wp-block-media-text alignwide\" style=\"grid-template-columns:19% auto\"><figure class=\"wp-block-media-text__media\"><img loading=\"lazy\" decoding=\"async\" width=\"900\" height=\"900\" src=\"https:\/\/collectifpleinlavue.org\/wp-content\/uploads\/2019\/05\/Logo-BFM-TV.jpg\" alt=\"\" class=\"wp-image-1776\" srcset=\"https:\/\/collectifpleinlavue.org\/wp-content\/uploads\/2019\/05\/Logo-BFM-TV.jpg 900w, https:\/\/collectifpleinlavue.org\/wp-content\/uploads\/2019\/05\/Logo-BFM-TV-150x150.jpg 150w, https:\/\/collectifpleinlavue.org\/wp-content\/uploads\/2019\/05\/Logo-BFM-TV-300x300.jpg 300w, https:\/\/collectifpleinlavue.org\/wp-content\/uploads\/2019\/05\/Logo-BFM-TV-768x768.jpg 768w\" sizes=\"(max-width: 900px) 100vw, 900px\" \/><\/figure><div class=\"wp-block-media-text__content\">\n<p class=\"has-large-font-size\"><strong>25 novembre 2019 &#8211; Nouvelle op\u00e9ration anti-pub \u00e0 Lyon pour dire non \u00e0 la publicit\u00e9 vid\u00e9o dans les rues. <\/strong>Une centaine d&rsquo;activistes a men\u00e9 ce lundi matin une op\u00e9ration pour s&rsquo;opposer \u00e0 la publicit\u00e9 vid\u00e9o dans les rues de Lyon&#8230; <em><strong><a href=\"https:\/\/www.bfmtv.com\/societe\/nouvelle-operation-anti-pub-a-lyon-500-panneaux-recouverts-pour-dire-non-a-la-publicite-video-1812596.html\">LIRE LA SUITE<\/a><\/strong><\/em>.<\/p>\n<\/div><\/div>\n\n\n\n<hr class=\"wp-block-separator\"\/>\n\n\n\n<div class=\"wp-block-media-text alignwide\" style=\"grid-template-columns:19% auto\"><figure class=\"wp-block-media-text__media\"><img loading=\"lazy\" decoding=\"async\" width=\"1024\" height=\"1024\" src=\"https:\/\/collectifpleinlavue.org\/wp-content\/uploads\/2018\/01\/Logo-Lyon-Mag.png\" alt=\"\" class=\"wp-image-344\" srcset=\"https:\/\/collectifpleinlavue.org\/wp-content\/uploads\/2018\/01\/Logo-Lyon-Mag.png 1024w, https:\/\/collectifpleinlavue.org\/wp-content\/uploads\/2018\/01\/Logo-Lyon-Mag-150x150.png 150w, https:\/\/collectifpleinlavue.org\/wp-content\/uploads\/2018\/01\/Logo-Lyon-Mag-300x300.png 300w, https:\/\/collectifpleinlavue.org\/wp-content\/uploads\/2018\/01\/Logo-Lyon-Mag-768x768.png 768w\" sizes=\"(max-width: 1024px) 100vw, 1024px\" \/><\/figure><div class=\"wp-block-media-text__content\">\n<p class=\"has-large-font-size\"><strong>25 novembre 2019 &#8211; Une nouvelle action anti pub ce lundi dans les rues de la M\u00e9tropole de Lyon. <\/strong>Ce sont plus de 500 panneaux publicitaires qui ont \u00e9t\u00e9 recouverts t\u00f4t dans la matin\u00e9e&#8230; <em><strong><a href=\"https:\/\/www.lyonmag.com\/article\/104402\/une-nouvelle-action-anti-pub-ce-lundi-dans-les-rues-de-la-metropole-de-lyon\">LIRE LA SUITE<\/a><\/strong><\/em>.<\/p>\n<\/div><\/div>\n\n\n\n<hr class=\"wp-block-separator\"\/>\n\n\n\n<div class=\"wp-block-media-text alignwide\" style=\"grid-template-columns:27% auto\"><figure class=\"wp-block-media-text__media\"><img loading=\"lazy\" decoding=\"async\" width=\"322\" height=\"157\" src=\"https:\/\/collectifpleinlavue.org\/wp-content\/uploads\/2019\/11\/Logo-Actu.fr_.png\" alt=\"\" class=\"wp-image-2002\" srcset=\"https:\/\/collectifpleinlavue.org\/wp-content\/uploads\/2019\/11\/Logo-Actu.fr_.png 322w, https:\/\/collectifpleinlavue.org\/wp-content\/uploads\/2019\/11\/Logo-Actu.fr_-300x146.png 300w\" sizes=\"(max-width: 322px) 100vw, 322px\" \/><\/figure><div class=\"wp-block-media-text__content\">\n<p class=\"has-large-font-size\"><strong>25 novembre 2019 &#8211; Action anti-pub \u00e0 Lyon : 500 panneaux publicitaires recouverts de ruban adh\u00e9sif. <\/strong>Lundi 25 novembre 2019, le collectif de militants anti-publicit\u00e9, Plein la vue, a recouvert 500 panneaux publicitaires&#8230; <em><strong><a href=\"https:\/\/actu.fr\/auvergne-rhone-alpes\/lyon_69123\/action-anti-pub-lyon-500-panneaux-publicitaires-recouverts-ruban-adhesif_29654363.html\">LIRE LA SUITE<\/a><\/strong><\/em>.<\/p>\n<\/div><\/div>\n\n\n\n<hr class=\"wp-block-separator\"\/>\n\n\n\n<div class=\"wp-block-media-text alignwide\" style=\"grid-template-columns:27% auto\"><figure class=\"wp-block-media-text__media\"><img loading=\"lazy\" decoding=\"async\" width=\"530\" height=\"296\" src=\"https:\/\/collectifpleinlavue.org\/wp-content\/uploads\/2018\/05\/Logo-Lyon-Capitale-1.png\" alt=\"\" class=\"wp-image-815\" srcset=\"https:\/\/collectifpleinlavue.org\/wp-content\/uploads\/2018\/05\/Logo-Lyon-Capitale-1.png 530w, https:\/\/collectifpleinlavue.org\/wp-content\/uploads\/2018\/05\/Logo-Lyon-Capitale-1-300x168.png 300w\" sizes=\"(max-width: 530px) 100vw, 530px\" \/><\/figure><div class=\"wp-block-media-text__content\">\n<p class=\"has-large-font-size\"><strong>25 novembre 2019 &#8211; Lyon&nbsp;: action anti-pub sur 500 panneaux publicitaires ce lundi. <\/strong>En tout, 500 panneaux publicitaires ont \u00e9t\u00e9 recouverts par des militants des collectifs Plein La vue, l&rsquo;Agression publicitaire et&nbsp;ANV-COP21&#8230; <strong><em><a href=\"https:\/\/www.lyoncapitale.fr\/actualite\/lyon-action-anti-pub-sur-500-panneaux-publicitaires-ce-lundi\/\">LIRE LA SUITE<\/a><\/em><\/strong>.<\/p>\n<\/div><\/div>\n\n\n\n<hr class=\"wp-block-separator\"\/>\n\n\n\n<div class=\"wp-block-media-text alignwide\" style=\"grid-template-columns:27% auto\"><figure class=\"wp-block-media-text__media\"><img loading=\"lazy\" decoding=\"async\" width=\"1024\" height=\"428\" src=\"http:\/\/collectifpleinlavue.org\/wp-content\/uploads\/2018\/01\/Logo-le-progres-1024x428.jpg\" alt=\"\" class=\"wp-image-359\" srcset=\"https:\/\/collectifpleinlavue.org\/wp-content\/uploads\/2018\/01\/Logo-le-progres-1024x428.jpg 1024w, https:\/\/collectifpleinlavue.org\/wp-content\/uploads\/2018\/01\/Logo-le-progres-300x125.jpg 300w, https:\/\/collectifpleinlavue.org\/wp-content\/uploads\/2018\/01\/Logo-le-progres-768x321.jpg 768w, https:\/\/collectifpleinlavue.org\/wp-content\/uploads\/2018\/01\/Logo-le-progres.jpg 1196w\" sizes=\"(max-width: 1024px) 100vw, 1024px\" \/><\/figure><div class=\"wp-block-media-text__content\">\n<p class=\"has-large-font-size\"><strong>2 novembre 2019 &#8211; \u00c0 Lyon aussi, des bus vides pour promouvoir le site de poker Winamax.<\/strong> Le site de poker en ligne  fait circuler depuis plusieurs semaines un bus \u00e0 travers la ville \u00e0 des  fins publicitaires&#8230; <em><strong><a href=\"https:\/\/www.leprogres.fr\/rhone-69\/2019\/11\/01\/a-lyon-aussi-des-bus-vides-pour-promouvoir-winamax\">LIRE LA SUITE<\/a><\/strong><\/em>.<\/p>\n<\/div><\/div>\n\n\n\n<hr class=\"wp-block-separator\"\/>\n\n\n\n<div class=\"wp-block-media-text alignwide\" style=\"grid-template-columns:27% auto\"><figure class=\"wp-block-media-text__media\"><img loading=\"lazy\" decoding=\"async\" width=\"530\" height=\"296\" src=\"http:\/\/collectifpleinlavue.org\/wp-content\/uploads\/2018\/05\/Logo-Lyon-Capitale.png\" alt=\"\" class=\"wp-image-814\" srcset=\"https:\/\/collectifpleinlavue.org\/wp-content\/uploads\/2018\/05\/Logo-Lyon-Capitale.png 530w, https:\/\/collectifpleinlavue.org\/wp-content\/uploads\/2018\/05\/Logo-Lyon-Capitale-300x168.png 300w\" sizes=\"(max-width: 530px) 100vw, 530px\" \/><\/figure><div class=\"wp-block-media-text__content\">\n<p class=\"has-large-font-size\"><strong>1er novembre 2019 &#8211; Panneau publicitaire \u00e0 Lyon : Plein la Vue \u00e9crit \u00e0 G\u00e9rard Collomb. <\/strong>Apr\u00e8s l\u2019annonce du retrait du panneau publicitaire num\u00e9rique, le collectif demande le retrait des huit autres panneaux&#8230; <em><strong><a href=\"https:\/\/www.lyoncapitale.fr\/actualite\/panneau-publicitaire-a-lyon-plein-la-vue-ecrit-a-gerard-collomb\/\">LIRE LA SUITE<\/a><\/strong><\/em><\/p>\n<\/div><\/div>\n","protected":false},"excerpt":{"rendered":"<p>Ce mois-ci : France 3, BFM Lyon, Le Progr\u00e8s, Lyon Capitale, Lyon Mag, Tonic Radio, Radio scoop, Actu.fr&#8230; 25 novembre 2019 &#8211; Une p\u00e9tition pour dire \u00ab\u00a0Non\u00a0\u00bb aux publicit\u00e9s vid\u00e9os dans les rues de Lyon. Le R\u00e8glement local de publicit\u00e9 intercommunal devrait \u00eatre valid\u00e9 apr\u00e8s les \u00e9lections municipales et m\u00e9tropolitaines de mars&#8230; LIRE LA SUITE. [&hellip;]<\/p>\n","protected":false},"author":2,"featured_media":1910,"comment_status":"closed","ping_status":"open","sticky":false,"template":"","format":"standard","meta":{"footnotes":""},"categories":[7,12],"tags":[],"class_list":["post-1924","post","type-post","status-publish","format-standard","has-post-thumbnail","hentry","category-news","category-revue-de-presse"],"blocksy_meta":[],"_links":{"self":[{"href":"https:\/\/collectifpleinlavue.org\/index.php\/wp-json\/wp\/v2\/posts\/1924","targetHints":{"allow":["GET"]}}],"collection":[{"href":"https:\/\/collectifpleinlavue.org\/index.php\/wp-json\/wp\/v2\/posts"}],"about":[{"href":"https:\/\/collectifpleinlavue.org\/index.php\/wp-json\/wp\/v2\/types\/post"}],"author":[{"embeddable":true,"href":"https:\/\/collectifpleinlavue.org\/index.php\/wp-json\/wp\/v2\/users\/2"}],"replies":[{"embeddable":true,"href":"https:\/\/collectifpleinlavue.org\/index.php\/wp-json\/wp\/v2\/comments?post=1924"}],"version-history":[{"count":7,"href":"https:\/\/collectifpleinlavue.org\/index.php\/wp-json\/wp\/v2\/posts\/1924\/revisions"}],"predecessor-version":[{"id":2023,"href":"https:\/\/collectifpleinlavue.org\/index.php\/wp-json\/wp\/v2\/posts\/1924\/revisions\/2023"}],"wp:featuredmedia":[{"embeddable":true,"href":"https:\/\/collectifpleinlavue.org\/index.php\/wp-json\/wp\/v2\/media\/1910"}],"wp:attachment":[{"href":"https:\/\/collectifpleinlavue.org\/index.php\/wp-json\/wp\/v2\/media?parent=1924"}],"wp:term":[{"taxonomy":"category","embeddable":true,"href":"https:\/\/collectifpleinlavue.org\/index.php\/wp-json\/wp\/v2\/categories?post=1924"},{"taxonomy":"post_tag","embeddable":true,"href":"https:\/\/collectifpleinlavue.org\/index.php\/wp-json\/wp\/v2\/tags?post=1924"}],"curies":[{"name":"wp","href":"https:\/\/api.w.org\/{rel}","templated":true}]}}