{"id":176,"date":"2018-01-01T16:13:12","date_gmt":"2018-01-01T15:13:12","guid":{"rendered":"http:\/\/collectifpleinlavue.org\/?p=176"},"modified":"2018-03-02T14:53:08","modified_gmt":"2018-03-02T13:53:08","slug":"resistance-a-lagression-publicitaire-rap","status":"publish","type":"post","link":"https:\/\/collectifpleinlavue.org\/index.php\/2018\/01\/01\/resistance-a-lagression-publicitaire-rap\/","title":{"rendered":"R\u00e9sistance \u00e0 l\u2019agression publicitaire (RAP)"},"content":{"rendered":"<p><a href=\"https:\/\/antipub.org\/\" target=\"_blank\" rel=\"noopener\">Site Web<\/a><\/p>\n<p><strong>R<\/strong>\u00e9sistance \u00e0 l\u2019<strong>A<\/strong>gression<span>\u00a0<\/span><strong>P<\/strong>ublicitaire (R.A.P.) est une association fran\u00e7aise de loi 1901 cr\u00e9\u00e9e le 20 juin 1992.\u00a0<span>\u00a0<\/span><strong>Son objectif est de lutter contre les effets n\u00e9gatifs de la publicit\u00e9,<span>\u00a0<\/span><\/strong>sa port\u00e9e est nationale. On compte parmi ses membres fondateurs Ren\u00e9 Macaire, philosophe non-violent, Fran\u00e7ois Brune \u2014 \u00e9crivain, auteur du<span>\u00a0<\/span><em>Bonheur conforme<\/em><span>\u00a0<\/span>\u2014 , et Yvan Gradis (militant antipublicitaire\u00a0historique et premier pr\u00e9sident).<\/p>\n<p>Les membres de R.A.P. r\u00e9alisent des actions :<\/p>\n<ul>\n<li>d\u2019<strong>information<\/strong><span>\u00a0<\/span>et de<span>\u00a0<\/span><strong>sensibilisation<\/strong><span>\u00a0<\/span>: d\u00e9versements symboliques de prospectus, recouvrement de panneaux publicitaires, festival \u00ab\u00a0D\u00e9marquons nous\u00a0!\u00bb, \u2026<\/li>\n<li>de<span>\u00a0<\/span><strong>plaidoyer<\/strong><span>\u00a0<\/span>pour que les d\u00e9cideurs politiques r\u00e9gulent et limitent la publicit\u00e9,<\/li>\n<li>dans le cadre de<span>\u00a0<\/span><strong>campagnes<\/strong>\u00a0: tels que \u00ab\u00a0Non aux \u00e9crans pubs\u00a0\u00bb, \u00ab\u00a0Surfez couvert\u00a0\u00bb, Rentr\u00e9e sans marques,\u2026<\/li>\n<li>de<span>\u00a0<\/span><strong>veille<\/strong><span>\u00a0<\/span>et d\u2019analyse critique,<\/li>\n<li>localement, avec les<span>\u00a0<\/span><a href=\"https:\/\/antipub.org\/asso\/groupes-locaux\/\"><strong>groupes locaux<\/strong><\/a><span>\u00a0<\/span>pour se mobiliser partout\u00a0!<\/li>\n<\/ul>\n","protected":false},"excerpt":{"rendered":"<p>La publicit\u00e9 ne s\u2019adresse qu\u2019aux consommateurs au d\u00e9triment des citoyens \u00e9veill\u00e9s et responsables. \u00c0 la publicit\u00e9 nous pr\u00e9f\u00e9rons la culture, le paysage et les arts (qui embelliront nos villes et nous divertiront sans arri\u00e8re-pens\u00e9e commerciale), la philosophie, la po\u00e9sie, l\u2019humour et la litt\u00e9rature, les associations, la politique locale et les initiatives sociales, l\u2019expression libre, individuelle et gratuite. La seule publicit\u00e9 acceptable est celle que l\u2019on consulte librement, en conscience.<\/p>\n","protected":false},"author":1,"featured_media":196,"comment_status":"closed","ping_status":"open","sticky":false,"template":"","format":"standard","meta":{"footnotes":""},"categories":[11],"tags":[],"class_list":["post-176","post","type-post","status-publish","format-standard","has-post-thumbnail","hentry","category-signe"],"blocksy_meta":[],"_links":{"self":[{"href":"https:\/\/collectifpleinlavue.org\/index.php\/wp-json\/wp\/v2\/posts\/176","targetHints":{"allow":["GET"]}}],"collection":[{"href":"https:\/\/collectifpleinlavue.org\/index.php\/wp-json\/wp\/v2\/posts"}],"about":[{"href":"https:\/\/collectifpleinlavue.org\/index.php\/wp-json\/wp\/v2\/types\/post"}],"author":[{"embeddable":true,"href":"https:\/\/collectifpleinlavue.org\/index.php\/wp-json\/wp\/v2\/users\/1"}],"replies":[{"embeddable":true,"href":"https:\/\/collectifpleinlavue.org\/index.php\/wp-json\/wp\/v2\/comments?post=176"}],"version-history":[{"count":2,"href":"https:\/\/collectifpleinlavue.org\/index.php\/wp-json\/wp\/v2\/posts\/176\/revisions"}],"predecessor-version":[{"id":548,"href":"https:\/\/collectifpleinlavue.org\/index.php\/wp-json\/wp\/v2\/posts\/176\/revisions\/548"}],"wp:featuredmedia":[{"embeddable":true,"href":"https:\/\/collectifpleinlavue.org\/index.php\/wp-json\/wp\/v2\/media\/196"}],"wp:attachment":[{"href":"https:\/\/collectifpleinlavue.org\/index.php\/wp-json\/wp\/v2\/media?parent=176"}],"wp:term":[{"taxonomy":"category","embeddable":true,"href":"https:\/\/collectifpleinlavue.org\/index.php\/wp-json\/wp\/v2\/categories?post=176"},{"taxonomy":"post_tag","embeddable":true,"href":"https:\/\/collectifpleinlavue.org\/index.php\/wp-json\/wp\/v2\/tags?post=176"}],"curies":[{"name":"wp","href":"https:\/\/api.w.org\/{rel}","templated":true}]}}