{"id":1745,"date":"2019-04-29T08:01:10","date_gmt":"2019-04-29T06:01:10","guid":{"rendered":"http:\/\/collectifpleinlavue.org\/?p=1745"},"modified":"2019-10-02T23:50:16","modified_gmt":"2019-10-02T21:50:16","slug":"les-elus-de-la-metropole-de-lyon-peuvent-et-doivent-interdire-les-ecrans-video-publicitaires","status":"publish","type":"post","link":"https:\/\/collectifpleinlavue.org\/index.php\/2019\/04\/29\/les-elus-de-la-metropole-de-lyon-peuvent-et-doivent-interdire-les-ecrans-video-publicitaires\/","title":{"rendered":"Les \u00e9lus de la M\u00e9tropole de Lyon peuvent et doivent interdire les \u00e9crans vid\u00e9o publicitaires"},"content":{"rendered":"\n<p><em><strong>Communiqu\u00e9 de presse \u2013 29 avril 2019<\/strong><\/em><\/p>\n\n\n\n<p>Face \u00e0 l\u2019absence d\u2019infl\u00e9chissements de la M\u00e9tropole autour de son futur R\u00e8glement Local de Publicit\u00e9 Intercommunal (RLPi) en d\u00e9pit de l\u2019avis de ses habitants, le collectif Plein La Vue pr\u00e9sente de nouveaux arguments pour ne pas autoriser ces \u00e9crans, et appelle les \u00e9lus de la M\u00e9tropole de Lyon \u00e0 se positionner pour emp\u00eacher cette mise en place.<\/p>\n\n\n\n<p><strong><br>Des \u00e9lus qui se retranchent derri\u00e8re des arguments juridiques inconnus<\/strong><\/p>\n\n\n\n<p>\u00c0 ce jour le RLPi pr\u00e9voit pour l\u2019instant leur installation. Les arguments avanc\u00e9s pour expliquer ce paradoxe seraient d\u2019ordre juridique, la M\u00e9tropole expliquant qu\u2019elle ne pourrait pas l\u00e9galement les interdire. Cependant, <strong>il s\u2019av\u00e8re que cette impossibilit\u00e9 est contredite par la jurisprudence. <\/strong>Elisabeth Gelot, avocate au Barreau de Lyon et co-fondatrice de V pour Verdict affirme&nbsp;que<em> \u00ab&nbsp;les dispositions du code de l\u2019environnement sur la publicit\u00e9 num\u00e9rique ne font pas obstacle \u00e0 l\u2019interdiction de ce type de publicit\u00e9 dans le RLP&nbsp;\u00bb<\/em> et que <em>\u00ab&nbsp;l\u2019interdiction de la publicit\u00e9 num\u00e9rique est l\u00e9gale lorsqu\u2019elle a pour finalit\u00e9 la protection du cadre de vie&nbsp;\u00bb. <\/em>Voir la <a rel=\"noreferrer noopener\" href=\"http:\/\/collectifpleinlavue.org\/wp-content\/uploads\/2019\/04\/Note-Juridique-RLPi-PLV-avril-2019.pdf\" target=\"_blank\"><strong>note juridique<\/strong><\/a> envoy\u00e9e aux \u00e9lus et services de la M\u00e9tropole.<strong><br><\/strong><\/p>\n\n\n\n<p><strong>Une mise en place qui aurait de multiples cons\u00e9quences <\/strong><\/p>\n\n\n\n<p>Dans cette <strong><a href=\"http:\/\/collectifpleinlavue.org\/wp-content\/uploads\/2019\/10\/Revue_litt_scientifique_ecrans-Plein-la-Vue-avril-2019-.pdf\" target=\"_blank\" rel=\"noreferrer noopener\" aria-label=\" (opens in a new tab)\">note scientifique<\/a><\/strong> envoy\u00e9e ces jours aux \u00e9lus et services de la M\u00e9tropole, nous d\u00e9montrons que ces \u00e9crans, bien plus que de simples \u00e9l\u00e9ments inesth\u00e9tiques dans notre paysage sont un danger grave pour la s\u00e9curit\u00e9 routi\u00e8re et la sant\u00e9 cognitive, notamment de nos enfants. Ils sont en outre une source de pollution lumineuse qui affecte notre cycle circadien et notre environnement, une source de consommation \u00e9nerg\u00e9tique \u00e9quivalente annuellement \u00e0 celle d\u2019une famille &#8211; \u00e0 l\u2019heure o\u00f9 les \u00e9conomies d\u2019\u00e9nergies sont litt\u00e9ralement vitales \u2013 mais aussi une occupation encombrante de notre bien commun qu\u2019est l\u2019espace public. Enfin, ils n\u00e9cessitent l\u2019usage de m\u00e9taux rares dont l\u2019extraction et le traitement sont extr\u00eamement polluants (impliquant des conditions d\u2019extraction souvent d\u00e9plorables pour les hommes, femmes et enfants qui travaillent dans ces mines). <\/p>\n\n\n\n<p><strong>Des habitants de la M\u00e9tropole contre la mise en place d\u2019\u00e9crans publicitaires<\/strong><br>Le 14 mars dernier, l\u2019Union des Comit\u00e9s d\u2019Int\u00e9r\u00eats Locaux (UCIL) de la M\u00e9tropole et le collectif Plein La Vue ont d\u00e9voil\u00e9 les r\u00e9sultats d\u2019une grande consultation publique r\u00e9alis\u00e9e sur la publicit\u00e9, \u00e0 laquelle plus de 8000 habitants ont r\u00e9pondu. Cette consultation \u2013 dont le s\u00e9rieux a \u00e9t\u00e9 reconnu autant par la presse que par la M\u00e9tropole elle-m\u00eame \u2013 a permis de d\u00e9montrer que les Grands Lyonnais refusent cat\u00e9goriquement de voir des \u00e9crans num\u00e9riques publicitaires fleurir dans leurs rues, leurs espaces publics et devant leurs fen\u00eatres. Ils sont en effet 97 % \u00e0 se dire d\u00e9favorables (90 % tr\u00e8s d\u00e9favorables) \u00e0 l\u2019installation de ces supports. Voir les r\u00e9sultats <a rel=\"noreferrer noopener\" href=\"http:\/\/collectifpleinlavue.org\/wp-content\/uploads\/2019\/03\/Resultats-prealable-consultation.pdf\" target=\"_blank\"><strong>complets<\/strong><\/a> et <a rel=\"noreferrer noopener\" href=\"http:\/\/collectifpleinlavue.org\/wp-content\/uploads\/2019\/03\/Tracts-PLV-resultats-consultation-publique-2.pdf\" target=\"_blank\"><strong>r\u00e9sum\u00e9s<\/strong><\/a>.<strong><br><\/strong><\/p>\n\n\n\n<figure class=\"wp-block-image\"><img fetchpriority=\"high\" decoding=\"async\" width=\"1024\" height=\"575\" src=\"http:\/\/collectifpleinlavue.org\/wp-content\/uploads\/2019\/01\/IMG_0995-1024x575.jpg\" alt=\"\" class=\"wp-image-1220\" srcset=\"https:\/\/collectifpleinlavue.org\/wp-content\/uploads\/2019\/01\/IMG_0995-1024x575.jpg 1024w, https:\/\/collectifpleinlavue.org\/wp-content\/uploads\/2019\/01\/IMG_0995-300x169.jpg 300w, https:\/\/collectifpleinlavue.org\/wp-content\/uploads\/2019\/01\/IMG_0995-768x432.jpg 768w\" sizes=\"(max-width: 1024px) 100vw, 1024px\" \/><\/figure>\n\n\n\n<p>Pour Benjamin Badouard, pr\u00e9sident de Plein la vue : <em>\u00ab\u00a0Depuis plus d&rsquo;un an, nous expliquons par A +B que ces \u00e9crans vid\u00e9o publicitaires sont nocifs : pollution lumineuse, gaspillage \u00e9nerg\u00e9tique, dangers pour la sant\u00e9 (surtout celle des enfants), risque accru d&rsquo;accidents&#8230; Aujourd&rsquo;hui nous ajoutons \u00e0 ces arguments scientifiques et \u00e0 la d\u00e9sapprobation des habitants, la dimension juridique. A contrario, nous attendons toujours les arguments de la M\u00e9tropole nous expliquant en quoi ces \u00e9crans sont b\u00e9n\u00e9fiques pour notre cadre de vie, objet premier du R\u00e8glement local de publicit\u00e9. La M\u00e9tropole peut encore interdire ces \u00e9crans, elle DOIT le faire\u00a0\u00bb.<\/em><br><\/p>\n\n\n\n<p><strong>Le collectif Plein La Vue appelle les \u00e9lus de la M\u00e9tropole \u00e0 prendre leurs responsabilit\u00e9s<\/strong><\/p>\n\n\n\n<p>Fort des avis des citoyens, d\u2019arguments scientifiques, et d\u2019outils juridiques mis \u00e0 disposition des \u00e9lus de la M\u00e9tropole, le collectif Plein La Vue a \u00e9crit (<a rel=\"noreferrer noopener\" href=\"http:\/\/collectifpleinlavue.org\/wp-content\/uploads\/2019\/04\/Appel-version-consolide%CC%81e-22042019.pdf\" target=\"_blank\"><strong>voir l&rsquo;appel<\/strong><\/a>) ces jours \u00e0 tous les maires et \u00e9lus m\u00e9tropolitains les appelant \u00e0 se positionner clairement contre l&rsquo;autorisation de ces \u00e9crans vid\u00e9o. Par ailleurs nous avons demand\u00e9 \u00e0 rencontrer Messieurs Kimelfeld, Collomb et Bret afin de leur rappeler tout le travail fait depuis plus d&rsquo;un an par notre collectif, un travail b\u00e9n\u00e9vole effectu\u00e9 pour am\u00e9liorer le cadre de vie des habitants de la M\u00e9tropole.<\/p>\n","protected":false},"excerpt":{"rendered":"<p>Communiqu\u00e9 de presse \u2013 29 avril 2019 Face \u00e0 l\u2019absence d\u2019infl\u00e9chissements de la M\u00e9tropole autour de son futur R\u00e8glement Local de Publicit\u00e9 Intercommunal (RLPi) en d\u00e9pit de l\u2019avis de ses habitants, le collectif Plein La Vue pr\u00e9sente de nouveaux arguments pour ne pas autoriser ces \u00e9crans, et appelle les \u00e9lus de la M\u00e9tropole de Lyon [&hellip;]<\/p>\n","protected":false},"author":2,"featured_media":1226,"comment_status":"closed","ping_status":"open","sticky":false,"template":"","format":"standard","meta":{"footnotes":""},"categories":[6,7],"tags":[],"class_list":["post-1745","post","type-post","status-publish","format-standard","has-post-thumbnail","hentry","category-info","category-news"],"blocksy_meta":[],"_links":{"self":[{"href":"https:\/\/collectifpleinlavue.org\/index.php\/wp-json\/wp\/v2\/posts\/1745","targetHints":{"allow":["GET"]}}],"collection":[{"href":"https:\/\/collectifpleinlavue.org\/index.php\/wp-json\/wp\/v2\/posts"}],"about":[{"href":"https:\/\/collectifpleinlavue.org\/index.php\/wp-json\/wp\/v2\/types\/post"}],"author":[{"embeddable":true,"href":"https:\/\/collectifpleinlavue.org\/index.php\/wp-json\/wp\/v2\/users\/2"}],"replies":[{"embeddable":true,"href":"https:\/\/collectifpleinlavue.org\/index.php\/wp-json\/wp\/v2\/comments?post=1745"}],"version-history":[{"count":6,"href":"https:\/\/collectifpleinlavue.org\/index.php\/wp-json\/wp\/v2\/posts\/1745\/revisions"}],"predecessor-version":[{"id":1829,"href":"https:\/\/collectifpleinlavue.org\/index.php\/wp-json\/wp\/v2\/posts\/1745\/revisions\/1829"}],"wp:featuredmedia":[{"embeddable":true,"href":"https:\/\/collectifpleinlavue.org\/index.php\/wp-json\/wp\/v2\/media\/1226"}],"wp:attachment":[{"href":"https:\/\/collectifpleinlavue.org\/index.php\/wp-json\/wp\/v2\/media?parent=1745"}],"wp:term":[{"taxonomy":"category","embeddable":true,"href":"https:\/\/collectifpleinlavue.org\/index.php\/wp-json\/wp\/v2\/categories?post=1745"},{"taxonomy":"post_tag","embeddable":true,"href":"https:\/\/collectifpleinlavue.org\/index.php\/wp-json\/wp\/v2\/tags?post=1745"}],"curies":[{"name":"wp","href":"https:\/\/api.w.org\/{rel}","templated":true}]}}