{"id":1680,"date":"2019-03-25T17:25:57","date_gmt":"2019-03-25T16:25:57","guid":{"rendered":"http:\/\/collectifpleinlavue.org\/?p=1680"},"modified":"2019-03-25T18:21:36","modified_gmt":"2019-03-25T17:21:36","slug":"liberation-du-militant-lyonnais-non-violent","status":"publish","type":"post","link":"https:\/\/collectifpleinlavue.org\/index.php\/2019\/03\/25\/liberation-du-militant-lyonnais-non-violent\/","title":{"rendered":"Lib\u00e9ration du militant lyonnais non-violent"},"content":{"rendered":"\n<figure class=\"wp-block-image\"><img fetchpriority=\"high\" decoding=\"async\" width=\"1000\" height=\"636\" src=\"http:\/\/collectifpleinlavue.org\/wp-content\/uploads\/2019\/03\/Alex-libre-gav.jpeg\" alt=\"\" class=\"wp-image-1681\" srcset=\"https:\/\/collectifpleinlavue.org\/wp-content\/uploads\/2019\/03\/Alex-libre-gav.jpeg 1000w, https:\/\/collectifpleinlavue.org\/wp-content\/uploads\/2019\/03\/Alex-libre-gav-300x191.jpeg 300w, https:\/\/collectifpleinlavue.org\/wp-content\/uploads\/2019\/03\/Alex-libre-gav-768x488.jpeg 768w\" sizes=\"(max-width: 1000px) 100vw, 1000px\" \/><figcaption>Alex et des militants Climat et Antipub \u00e0 sa sortie du commissariat du 3\u00e8me arrondissement de Lyon ce lundi \u00e0 17h<\/figcaption><\/figure>\n\n\n\n<p><strong><em>Communiqu\u00e9 de presse <a href=\"https:\/\/twitter.com\/alternatiba69\">ANV Cop 21<\/a> &#8211; <a href=\"https:\/\/twitter.com\/Coll_Pleinlavue\">Collectif Plein la vue<\/a> &#8211; <a href=\"https:\/\/twitter.com\/RAP_Asso\">R\u00e9sistance \u00e0 l&rsquo;agression publicitaire Lyon<\/a><\/em><\/strong><\/p>\n\n\n\n<p><strong>Journ\u00e9e Mondiale contre la pub : Un militant climat antipub \u00e0 Lyon vient de sortir  apr\u00e8s 26h30 de garde-\u00e0-vue suite \u00e0 une action non-violente de  recouvrement de la M\u00e9tropole.<\/strong><\/p>\n\n\n\n<p><strong><em>Lyon, le 25 mars 2019 \u00e0 17h<\/em><\/strong><\/p>\n\n\n\n<p><strong>#JourneeMondialeContreLaPub #SubvertTheCity #LiberezAlex<\/strong><br>Alex Montvernay, 26 ans, militant Action Non-Violente COP21 Rh\u00f4ne, R\u00e9sistance \u00e0 l\u2019agression publicitaire Lyon et Collectif Plein la Vue <a rel=\"noreferrer noopener\" href=\"https:\/\/alternatiba.eu\/rhone\/2019\/03\/25\/journee-mondiale-contre-la-pub-un-militant-de-lyon-en-garde-a-vue-suite-a-une-action-non-violente-de-recouvrement-de-la-metropole\/\" target=\"_blank\">avait \u00e9t\u00e9 arr\u00eat\u00e9 ce dimanche 24 mars \u00e0 14h<\/a>, suite \u00e0 l\u2019action de recouvrement publicitaire de la M\u00e9tropole de Lyon. Une action pour faire r\u00e9agir la M\u00e9tropole de Lyon, qui propose un projet de RLPI* qui ne r\u00e9pond pas aux enjeux actuels (notamment climatiques, la publicit\u00e9 poussant \u00e0 la sur-consommation et donc au pillage des ressources de la plan\u00e8te) et \u00e0 la volont\u00e9 clairement affich\u00e9e des habitants. <\/p>\n\n\n\n<p>Depuis  plus d&rsquo;un an les associations de cadre de vie (dont Plein la vue et R\u00e9sistance \u00e0 l\u2019agression publicitaire) apportent \u00e0 la M\u00e9tropole des \u00e9l\u00e9ments de fond, des \u00e9l\u00e9ments techniques,  scientifiques, prouvant la n\u00e9cessit\u00e9 imp\u00e9rieuse de r\u00e9duire la place de  la publicit\u00e9 dans nos villes. La consultation publique (<a rel=\"noreferrer noopener\" href=\"http:\/\/collectifpleinlavue.org\/index.php\/2019\/03\/14\/la-publicite-a-lyon-les-resultat-de-la-consultation-publique\/\" target=\"_blank\">r\u00e9sultats  ici<\/a>), auxquelles pr\u00e8s de 10 000 personnes ont r\u00e9pondu, prouve s&rsquo;il en \u00e9tait n\u00e9cessaire le soutien de la population \u00e0 nos propositions. Et pourtant, le projet de la M\u00e9tropole ne r\u00e9pond pas \u00e0 ces attentes. Alors, comment nous faire entendre ?<\/p>\n\n\n\n<p>Jeudi  21 mars en r\u00e9union au Grand Lyon (avec les associations et les  publicitaires), les associations et citoyens ont demand\u00e9 et attendent toujours les arguments des publicitaires et de la M\u00e9tropole pour d\u00e9fendre les r\u00e8gles propos\u00e9es pour certains dispositifs publicitaires. Nous pensons en premier lieu aux <a rel=\"noreferrer noopener\" href=\"https:\/\/stop-pub.video\/pourquoi\/\" target=\"_blank\">\u00e9crans num\u00e9riques dont  nous avons d\u00e9montr\u00e9s tous les risques et la d\u00e9sapprobation des citoyens<\/a>. Quels sont les arguments pour les autoriser ? Que vont-ils apporter de positif \u00e0 la population, au cadre de vie (objet principal d&rsquo;un RLPI) ? Nous attendons toujours les r\u00e9ponses des publicitaires et de la M\u00e9tropole sur ces points.<\/p>\n\n\n\n<p><strong>Tant que nous n&rsquo;aurons pas de r\u00e9ponses d\u00e9montrant les bienfaits pour l&rsquo;int\u00e9r\u00eat g\u00e9n\u00e9ral, nous continuerons \u00e0 interpeller les \u00e9lus et \u00e0 agir comme le 16 mars o\u00f9 40 000 personnes ont d\u00e9clar\u00e9 l\u2019entr\u00e9e en r\u00e9sistance puis r\u00e9alis\u00e9 un premier acte de r\u00e9sistance en recouvrant  la M\u00e9tropole de Publicit\u00e9.<br><\/strong><\/p>\n\n\n\n<p><strong><em>ANV-Cop21<br>Collectif Plein la vue<br>R\u00e9sistance \u00e0 l\u2019agression publicitaire Lyon<\/em><\/strong><\/p>\n","protected":false},"excerpt":{"rendered":"<p>Communiqu\u00e9 de presse ANV Cop 21 &#8211; Collectif Plein la vue &#8211; R\u00e9sistance \u00e0 l&rsquo;agression publicitaire Lyon Journ\u00e9e Mondiale contre la pub : Un militant climat antipub \u00e0 Lyon vient de sortir apr\u00e8s 26h30 de garde-\u00e0-vue suite \u00e0 une action non-violente de recouvrement de la M\u00e9tropole. Lyon, le 25 mars 2019 \u00e0 17h #JourneeMondialeContreLaPub #SubvertTheCity [&hellip;]<\/p>\n","protected":false},"author":2,"featured_media":1681,"comment_status":"closed","ping_status":"open","sticky":false,"template":"","format":"standard","meta":{"footnotes":""},"categories":[8,6,7],"tags":[],"class_list":["post-1680","post","type-post","status-publish","format-standard","has-post-thumbnail","hentry","category-actions","category-info","category-news"],"blocksy_meta":[],"_links":{"self":[{"href":"https:\/\/collectifpleinlavue.org\/index.php\/wp-json\/wp\/v2\/posts\/1680","targetHints":{"allow":["GET"]}}],"collection":[{"href":"https:\/\/collectifpleinlavue.org\/index.php\/wp-json\/wp\/v2\/posts"}],"about":[{"href":"https:\/\/collectifpleinlavue.org\/index.php\/wp-json\/wp\/v2\/types\/post"}],"author":[{"embeddable":true,"href":"https:\/\/collectifpleinlavue.org\/index.php\/wp-json\/wp\/v2\/users\/2"}],"replies":[{"embeddable":true,"href":"https:\/\/collectifpleinlavue.org\/index.php\/wp-json\/wp\/v2\/comments?post=1680"}],"version-history":[{"count":10,"href":"https:\/\/collectifpleinlavue.org\/index.php\/wp-json\/wp\/v2\/posts\/1680\/revisions"}],"predecessor-version":[{"id":1691,"href":"https:\/\/collectifpleinlavue.org\/index.php\/wp-json\/wp\/v2\/posts\/1680\/revisions\/1691"}],"wp:featuredmedia":[{"embeddable":true,"href":"https:\/\/collectifpleinlavue.org\/index.php\/wp-json\/wp\/v2\/media\/1681"}],"wp:attachment":[{"href":"https:\/\/collectifpleinlavue.org\/index.php\/wp-json\/wp\/v2\/media?parent=1680"}],"wp:term":[{"taxonomy":"category","embeddable":true,"href":"https:\/\/collectifpleinlavue.org\/index.php\/wp-json\/wp\/v2\/categories?post=1680"},{"taxonomy":"post_tag","embeddable":true,"href":"https:\/\/collectifpleinlavue.org\/index.php\/wp-json\/wp\/v2\/tags?post=1680"}],"curies":[{"name":"wp","href":"https:\/\/api.w.org\/{rel}","templated":true}]}}