{"id":1644,"date":"2019-03-13T18:30:26","date_gmt":"2019-03-13T17:30:26","guid":{"rendered":"http:\/\/collectifpleinlavue.org\/?p=1644"},"modified":"2019-03-27T00:00:41","modified_gmt":"2019-03-26T23:00:41","slug":"revue-de-presse-mars-2019","status":"publish","type":"post","link":"https:\/\/collectifpleinlavue.org\/index.php\/2019\/03\/13\/revue-de-presse-mars-2019\/","title":{"rendered":"Revue de presse \u2013 mars 2019"},"content":{"rendered":"\n<p><strong>En mars : France 3, Reporterre, Tribune de Lyon &#8211; Salade Lyonnaise, Lyon capitale, Le Progr\u00e8s, RCF Lyon, Lyon Mag, Lyon Plus, les Potins d&rsquo;Ang\u00e8le, Rebellyon, Rue 89, Radio Scoop&#8230;<\/strong><br><\/p>\n\n\n\n<hr class=\"wp-block-separator\"\/>\n\n\n\n<div class=\"wp-block-image\"><figure class=\"alignleft is-resized\"><img decoding=\"async\" src=\"http:\/\/collectifpleinlavue.org\/wp-content\/uploads\/2018\/01\/rue-89-lyon.png\" alt=\"\" class=\"wp-image-352\" width=\"160\" height=\"113\"\/><\/figure><\/div>\n\n\n\n<p><strong>25 mars 2019 &#8211; Les anti-pubs recouvrent l\u2019h\u00f4tel de M\u00e9tropole de Lyon. R\u00e9sultat : une garde \u00e0 vue. <\/strong>Une \u00e9quipe de <a rel=\"noreferrer noopener\" href=\"https:\/\/france3-regions.francetvinfo.fr\/auvergne-rhone-alpes\/rhone\/lyon\/lyon-militants-anti-pub-se-dechainent-1643960.html\" target=\"_blank\">France 3<\/a> a suivi les <a rel=\"noreferrer noopener\" href=\"https:\/\/www.rue89lyon.fr\/2017\/12\/08\/arbres-pas-des-pubs-anti-pubs-repartent-en-campagne-dans-la-metropole-de-lyon\/\" target=\"_blank\">militants anti-pubs lyonnais<\/a>  lors d\u2019une \u00ab manif\u2019festive \u00bb au cours de laquelle des actions  non-violentes ont \u00e9t\u00e9 r\u00e9alis\u00e9es. C\u2019\u00e9tait dimanche 24 mars, journ\u00e9e  mondiale contre la publicit\u00e9&#8230; <em><strong><a href=\"https:\/\/www.rue89lyon.fr\/2019\/03\/25\/les-anti-pubs-recouvrent-la-metropole-de-lyon-resultat-une-garde-a-vue\/\">LIRE LA SUITE.<\/a><\/strong><\/em><\/p>\n\n\n\n<hr class=\"wp-block-separator\"\/>\n\n\n\n<div class=\"wp-block-image\"><figure class=\"alignleft is-resized\"><img decoding=\"async\" src=\"http:\/\/collectifpleinlavue.org\/wp-content\/uploads\/2019\/03\/Logo-Reporterre.jpg\" alt=\"\" class=\"wp-image-1700\" width=\"250\" height=\"76\" srcset=\"https:\/\/collectifpleinlavue.org\/wp-content\/uploads\/2019\/03\/Logo-Reporterre.jpg 382w, https:\/\/collectifpleinlavue.org\/wp-content\/uploads\/2019\/03\/Logo-Reporterre-300x91.jpg 300w\" sizes=\"(max-width: 250px) 100vw, 250px\" \/><\/figure><\/div>\n\n\n\n<p><strong>25 mars 2019 &#8211; A Lyon, un activiste anti-pub plac\u00e9 en garde \u00e0 vue. <\/strong>Alex Montvernay, 26 ans, militant Action Non-Violente COP21  Rh\u00f4ne et Collectif Plein la Vue, a \u00e9t\u00e9 arr\u00eat\u00e9 ce dimanche 24 mars \u00e0  14h, suite \u00e0 une action g\u00e9ante de recouvrement publicitaire des murs de  l\u2019h\u00f4tel de la M\u00e9tropole de Lyon&#8230; <em><strong><a href=\"https:\/\/reporterre.net\/A-Lyon-un-activiste-anti-pub-place-en-garde-a-vue\">LIRE LA SUITE<\/a><\/strong><\/em>.<\/p>\n\n\n\n<hr class=\"wp-block-separator\"\/>\n\n\n\n<div class=\"wp-block-image\"><figure class=\"alignleft is-resized\"><img decoding=\"async\" src=\"http:\/\/collectifpleinlavue.org\/wp-content\/uploads\/2018\/03\/Logo-Radio-Scoop.png\" alt=\"\" class=\"wp-image-654\" width=\"136\" height=\"150\"\/><\/figure><\/div>\n\n\n\n<p><strong>25 mars 2019 &#8211; Un militant anti-pub en garde-\u00e0-vue \u00e0 Lyon. <\/strong>Ce jeune homme de 26 ans a \u00e9t\u00e9 interpell\u00e9 dimanche alors qu&rsquo;il participait \u00e0 une op\u00e9ration  non-violente de collage d&rsquo;affiches publicitaires contre la m\u00e9tropole de Lyon&#8230; <strong><em><a href=\"https:\/\/www.radioscoop.com\/infos\/un-militant-anti-pub-en-garde-a-vue-a-lyon_168330\">LIRE LA SUITE<\/a><\/em><\/strong>.<\/p>\n\n\n\n<hr class=\"wp-block-separator\"\/>\n\n\n\n<div class=\"wp-block-image\"><figure class=\"alignleft is-resized\"><img loading=\"lazy\" decoding=\"async\" src=\"http:\/\/collectifpleinlavue.org\/wp-content\/uploads\/2018\/01\/Logo-Rebellyon-e1517166590885.png\" alt=\"\" class=\"wp-image-402\" width=\"132\" height=\"160\"\/><\/figure><\/div>\n\n\n\n<p><strong>25 mars 2019 &#8211; Alex, arr\u00eat\u00e9 dimanche sur une action antipub pacifiste est en Garde \u00e0 Vue : appel \u00e0 rassemblement \u00e0 8h00 \u00e0 Marius Berliet. <\/strong>Dimanche 24 Mars, c\u2019\u00e9tait la journ\u00e9e internationale contre la Pub, vers 14h Alex a \u00e9t\u00e9  arr\u00eat\u00e9, depuis il est toujours en Garde \u00e0 vue. Appel \u00e0 le soutenir \u00e0 partir de 8h devant Marius Berliet ce lundi 25 mars&#8230; <em><strong><a href=\"https:\/\/rebellyon.info\/Alex-arrete-dimanche-sur-une-action-20427?nb=10\">LIRE LA SUITE<\/a><\/strong><\/em>.<\/p>\n\n\n\n<hr class=\"wp-block-separator\"\/>\n\n\n\n<div class=\"wp-block-image\"><figure class=\"alignleft is-resized\"><img loading=\"lazy\" decoding=\"async\" src=\"http:\/\/collectifpleinlavue.org\/wp-content\/uploads\/2018\/01\/Logo-le-progres-1024x428.jpg\" alt=\"\" class=\"wp-image-359\" width=\"200\" height=\"83\" srcset=\"https:\/\/collectifpleinlavue.org\/wp-content\/uploads\/2018\/01\/Logo-le-progres-1024x428.jpg 1024w, https:\/\/collectifpleinlavue.org\/wp-content\/uploads\/2018\/01\/Logo-le-progres-300x125.jpg 300w, https:\/\/collectifpleinlavue.org\/wp-content\/uploads\/2018\/01\/Logo-le-progres-768x321.jpg 768w, https:\/\/collectifpleinlavue.org\/wp-content\/uploads\/2018\/01\/Logo-le-progres.jpg 1196w\" sizes=\"(max-width: 200px) 100vw, 200px\" \/><\/figure><\/div>\n\n\n\n<p><strong>25 mars 2019 &#8211; Lyon: un militant anti-pub arr\u00eat\u00e9 apr\u00e8s l\u2019op\u00e9ration de recouvrement \u00e0 la M\u00e9tropole. <\/strong>\u00ab Les collectifs ANV-COP21 Rh\u00f4ne, Plein la Vue et R\u00e9sistance \u00e0 l\u2019Agression Publicitaire demandent la lib\u00e9ration imm\u00e9diate du militant retenu au Commissariat du 8e arrondissement de Lyon&#8230; <em><strong><a href=\"https:\/\/www.leprogres.fr\/rhone-69-edition-lyon-metropole\/2019\/03\/25\/lyon-un-militant-anti-pub-arrete-apres-l-operation-de-recouvrement-a-la-metropole\">LIRE LA SUITE<\/a><\/strong><\/em>.<\/p>\n\n\n\n<hr class=\"wp-block-separator\"\/>\n\n\n\n<div class=\"wp-block-image\"><figure class=\"alignleft is-resized\"><img loading=\"lazy\" decoding=\"async\" src=\"http:\/\/collectifpleinlavue.org\/wp-content\/uploads\/2018\/01\/Logo-Lyon-Mag.png\" alt=\"\" class=\"wp-image-344\" width=\"150\" height=\"143\"\/><\/figure><\/div>\n\n\n\n<p><strong>25 mars 2019 &#8211; Lyon : un militant anti-pub interpell\u00e9 au pied de l\u2019H\u00f4tel de la M\u00e9tropole.<\/strong> Ce dimanche apr\u00e8s-midi, des militants anti-pub ont d\u00e9fil\u00e9 dans les rues de Lyon. Un cort\u00e8ge compos\u00e9 d\u2019une centaine de personnes a travers\u00e9 la  Presqu\u2019\u00eele jusqu\u2019\u00e0 l\u2019H\u00f4tel de la M\u00e9tropole, dans le 3e arrondissement de  Lyon&#8230; <em><strong><a href=\"https:\/\/www.lyonmag.com\/article\/100186\/lyon-un-militant-anti-pub-interpelle-au-pied-de-l-hotel-de-la-metropole\">LIRE LA SUITE<\/a><\/strong><\/em>.<\/p>\n\n\n\n<hr class=\"wp-block-separator\"\/>\n\n\n\n<div class=\"wp-block-image\"><figure class=\"alignleft is-resized\"><img loading=\"lazy\" decoding=\"async\" src=\"http:\/\/collectifpleinlavue.org\/wp-content\/uploads\/2018\/11\/Logo-France3-RA.jpg\" alt=\"\" class=\"wp-image-1115\" width=\"200\" height=\"116\"\/><\/figure><\/div>\n\n\n\n<p><strong>24 mars 2019 &#8211; VID\u00c9O &#8211; Lyon : les militants anti-pub se d\u00e9cha\u00eenent ! <\/strong>\u00c0 l&rsquo;occasion de la journ\u00e9e mondiale  contre la publicit\u00e9, des militants ont men\u00e9 plusieurs actions \u00e0 Lyon o\u00f9  une manifestation \u00e9tait \u00e9galement organis\u00e9e ce dimanche 24 mars&#8230; <em><strong><a href=\"https:\/\/france3-regions.francetvinfo.fr\/auvergne-rhone-alpes\/rhone\/lyon\/lyon-militants-anti-pub-se-dechainent-1643960.html\">LIRE LA SUITE<\/a><\/strong><\/em><\/p>\n\n\n\n<hr class=\"wp-block-separator\"\/>\n\n\n\n<div class=\"wp-block-image\"><figure class=\"alignleft is-resized\"><img loading=\"lazy\" decoding=\"async\" src=\"http:\/\/collectifpleinlavue.org\/wp-content\/uploads\/2018\/01\/Logo-le-progres-1024x428.jpg\" alt=\"\" class=\"wp-image-359\" width=\"200\" height=\"87\"\/><\/figure><\/div>\n\n\n\n<p><strong>24 mars 2019 &#8211; Lyon : une marche pour la journ\u00e9e internationale contre la publicit\u00e9.<\/strong> Une marche pour la journ\u00e9e internationale contre la publicit\u00e9 a \u00e9t\u00e9 organis\u00e9 par \u00ab\u00a0R\u00e9sistance \u00e0 l\u2019agression publicitaire\u00a0\u00bb. Ce dimanche, les anti-pubs se sont donn\u00e9 rendez-vous place Carnot pour le d\u00e9part de la d\u00e9ambulation festive&#8230; <em><strong><a href=\"https:\/\/www.leprogres.fr\/rhone-69-edition-lyon-metropole\/2019\/03\/24\/lyon-une-marche-pour-la-journee-internationale-contre-la-publicite\">LIRE LA SUITE<\/a><\/strong><\/em>.<\/p>\n\n\n\n<div class=\"wp-block-image\"><figure class=\"alignleft is-resized\"><img loading=\"lazy\" decoding=\"async\" src=\"http:\/\/collectifpleinlavue.org\/wp-content\/uploads\/2018\/05\/Logo-Lyon-Capitale-1.png\" alt=\"\" class=\"wp-image-815\" width=\"200\" height=\"99\"\/><\/figure><\/div>\n\n\n\n<p><strong>24 mars 2019 &#8211; Manifestations contre la pollution et la publicit\u00e9 ce dimanche \u00e0 Lyon. <\/strong>Deux actions doivent se tenir ce dimanche pour protester d&rsquo;une part  contre la pollution de l&rsquo;air, d&rsquo;autre part contre \u00ab\u00a0l&rsquo;agression  publicitaire\u00a0\u00bb&#8230; <em><strong><a href=\"https:\/\/www.lyoncapitale.fr\/actualite\/manifestations-contre-la-pollution-et-la-publicite-ce-dimanche-a-lyon\/\">LIRE LA SUITE<\/a><\/strong><\/em>.<\/p>\n\n\n\n<hr class=\"wp-block-separator\"\/>\n\n\n\n<div class=\"wp-block-image\"><figure class=\"alignleft is-resized\"><img loading=\"lazy\" decoding=\"async\" src=\"http:\/\/collectifpleinlavue.org\/wp-content\/uploads\/2018\/01\/Logo-Rebellyon-e1517166590885.png\" alt=\"\" class=\"wp-image-402\" width=\"128\" height=\"160\"\/><\/figure><\/div>\n\n\n\n<p><strong>20 mars 2019 &#8211; 24 mars : Journ\u00e9e internationale contre la publicit\u00e9.<\/strong> Le 24 mars se d\u00e9roule la Journ\u00e9e Internationale Contre la Publicit\u00e9 en France, mais aussi \u00e0 l\u2019\u00e9tranger. C\u2019est l\u2019occasion pour les diff\u00e9rents groupes d\u2019actions antipub de se mobiliser. A Lyon, en tant que groupe local de l\u2019association R\u00e9sistance \u00e0 l\u2019Agression Publicitaire&#8230; <em><strong><a href=\"https:\/\/rebellyon.info\/24-mars-Journee-internationale-contre-la-20366\">LIRE LA SUITE<\/a><\/strong><\/em>.<\/p>\n\n\n\n<hr class=\"wp-block-separator\"\/>\n\n\n\n<div class=\"wp-block-image\"><figure class=\"alignleft is-resized\"><img loading=\"lazy\" decoding=\"async\" src=\"http:\/\/collectifpleinlavue.org\/wp-content\/uploads\/2018\/01\/Logo-le-progres-1024x428.jpg\" alt=\"\" class=\"wp-image-359\" width=\"200\" height=\"85\" srcset=\"https:\/\/collectifpleinlavue.org\/wp-content\/uploads\/2018\/01\/Logo-le-progres-1024x428.jpg 1024w, https:\/\/collectifpleinlavue.org\/wp-content\/uploads\/2018\/01\/Logo-le-progres-768x321.jpg 768w, https:\/\/collectifpleinlavue.org\/wp-content\/uploads\/2018\/01\/Logo-le-progres.jpg 1196w\" sizes=\"(max-width: 200px) 100vw, 200px\" \/><\/figure><\/div>\n\n\n\n<p><strong>19 mars 2019 &#8211; Lyon : comment r\u00e9sister \u00e0 l\u2019agression publicitaire? Un rendez-vous pour tout savoir. <\/strong>Dans le cadre de la journ\u00e9e mondiale contre la  publicit\u00e9, le collectif R\u00e9sistance \u00e0 l\u2019Agression Publicitaire (RAP) organise, ce dimanche 24 mars, une manifestation sur la place Mazagran  (Lyon 7e)&#8230; <em><strong><a href=\"https:\/\/www.leprogres.fr\/rhone-69-edition-lyon-metropole\/2019\/03\/19\/lyon-comment-resister-a-l-agression-publicitaire-une-manifestation-pour-tout-savoir\">LIRE LA SUITE<\/a><\/strong><\/em>.<\/p>\n\n\n\n<hr class=\"wp-block-separator\"\/>\n\n\n\n<div class=\"wp-block-image\"><figure class=\"alignleft is-resized\"><img loading=\"lazy\" decoding=\"async\" src=\"http:\/\/collectifpleinlavue.org\/wp-content\/uploads\/2018\/04\/logo-Les-Potins-dAnge\u0300le.bmp\" alt=\"\" class=\"wp-image-729\" width=\"150\" height=\"159\"\/><\/figure><\/div>\n\n\n\n<p><strong>21 mars 2019 &#8211; Publicit\u00e9 : le collectif \u00ab\u00a0plein la vue\u00a0\u00bb r\u00eave de villes sans pub.<\/strong> Il n&rsquo;est pas satisfait du projet de r\u00e8glement local de publicit\u00e9 que concocte la M\u00e9tropole. Au moins, avec les militants du collectif \u00ab\u00a0Plein la vue, les choses sont claires&#8230; et l&rsquo;avenir sombre. Tant que l&rsquo;on aura pas transform\u00e9 les rues de Lyon&#8230; <em><strong><a href=\"http:\/\/collectifpleinlavue.org\/wp-content\/uploads\/2019\/03\/2019-03-21-Potins-dAngel.jpg\">LIRE LA SUITE<\/a><\/strong><\/em>.<\/p>\n\n\n\n<hr class=\"wp-block-separator\"\/>\n\n\n\n<div class=\"wp-block-image\"><figure class=\"alignleft is-resized\"><img loading=\"lazy\" decoding=\"async\" src=\"http:\/\/collectifpleinlavue.org\/wp-content\/uploads\/2018\/01\/Logo-Lyon-Mag.png\" alt=\"\" class=\"wp-image-344\" width=\"150\" height=\"191\"\/><\/figure><\/div>\n\n\n\n<p style=\"text-align:left\"><strong>19 mars 2019 &#8211; \u201cToutes les franges de la population de la M\u00e9tropole de Lyon veulent moins de publicit\u00e9\u201d.<\/strong>  Benjamin Badouard, membre du collectif Plein la Vue, est l\u2019invit\u00e9 ce mardi matin de G\u00e9rard Angel, dans les Coulisses du Grand Lyon. Ce samedi, plus de 30 000 personnes ont manifest\u00e9 devant le si\u00e8ge de la M\u00e9tropole de Lyon pour le climat&#8230; <em><strong><a href=\"https:\/\/www.lyonmag.com\/article\/100073\/benjamin-badouard-toutes-les-franges-de-la-population-de-la-metropole-de-lyon-veulent-moins-de-publicite\">LIRE LA SUITE<\/a><\/strong><\/em>.<\/p>\n\n\n\n<div class=\"wp-block-image\"><figure class=\"alignleft is-resized\"><img loading=\"lazy\" decoding=\"async\" src=\"http:\/\/collectifpleinlavue.org\/wp-content\/uploads\/2018\/01\/Logo-RCF.png\" alt=\"\" class=\"wp-image-381\" width=\"200\" height=\"107\"\/><\/figure><\/div>\n\n\n\n<p><strong>18 mars 2019 &#8211; journal de 8h.<\/strong> Ils sont 91% \u00e0 d\u00e9clarer qu&rsquo;il y a trop de publicit\u00e9 dans l&rsquo;espace public. C&rsquo;est ce qu&rsquo;il ressort d&rsquo;une grande consultation publique sur la publicit\u00e9, lanc\u00e9e par l&rsquo;UCIL et le Collectif Plein la vue&#8230; <strong><em>\u00c9COUTER LA SUITE (\u00e0 2&rsquo;50)<\/em><\/strong>:<\/p>\n\n\n<p><iframe width=\"100%\" height=\"220\" src=\"https:\/\/rcf.fr\/embed\/2055302\" frameborder=\"0\"><\/iframe><\/p>\n\n\n<hr class=\"wp-block-separator\"\/>\n\n\n\n<div class=\"wp-block-image\"><figure class=\"alignleft is-resized\"><img loading=\"lazy\" decoding=\"async\" src=\"http:\/\/collectifpleinlavue.org\/wp-content\/uploads\/2018\/01\/Logo-Lyon-plus.jpg\" alt=\"\" class=\"wp-image-360\" width=\"150\" height=\"177\"\/><\/figure><\/div>\n\n\n\n<p><strong>18 mars 2019 &#8211; Concertation &#8211; Trop de pub ? Les habitants affichent leurs inqui\u00e9tudes. <\/strong>Habitants et repr\u00e9sentants de la M\u00e9tropole de Lyon se sont retrouv\u00e9s, \u00e0 la fac catho, place des Archives (Lyon 2e ), autour du projet de r\u00e8glement local de publicit\u00e9. On y a entendu les grandes orientations&#8230; <em><a href=\"https:\/\/www.lyonplus.com\/actualite\/2019\/03\/18\/trop-de-pub-les-habitants-affichent-leurs-inquietudes\"><strong>LIRE LA SUITE<\/strong><\/a><\/em><\/p>\n\n\n\n<hr class=\"wp-block-separator\"\/>\n\n\n\n<div class=\"wp-block-image\"><figure class=\"alignleft is-resized\"><img loading=\"lazy\" decoding=\"async\" src=\"http:\/\/collectifpleinlavue.org\/wp-content\/uploads\/2018\/11\/Logo-France3-RA-300x200.jpg\" alt=\"\" class=\"wp-image-1115\" width=\"199\" height=\"215\"\/><\/figure><\/div>\n\n\n\n<p><strong>15 mars 2019 &#8211; Lyon : la publicit\u00e9 va t-elle prendre encore plus de places ?<\/strong> Elles se disent tr\u00e8s d\u00e9\u00e7ues et inqui\u00e8tes : les associations qui luttent pour r\u00e9duire la place de la publicit\u00e9 dans la M\u00e9tropole de Lyon ont particip\u00e9 \u00e0 une r\u00e9union publique jeudi 14 mars, et d\u00e9noncent la \u00ab\u00a0surdit\u00e9\u00a0\u00bb des \u00e9lus&#8230; <em><strong><a href=\"https:\/\/france3-regions.francetvinfo.fr\/auvergne-rhone-alpes\/rhone\/lyon\/lyon-publicite-va-t-elle-prendre-encore-plus-places-1638940.html\">LIRE LA SUITE<\/a><\/strong><\/em>.<\/p>\n\n\n\n<hr class=\"wp-block-separator\"\/>\n\n\n\n<div class=\"wp-block-image\"><figure class=\"alignleft is-resized\"><img loading=\"lazy\" decoding=\"async\" src=\"http:\/\/collectifpleinlavue.org\/wp-content\/uploads\/2018\/10\/Logo-Salade-Lyonnaise.png\" alt=\"\" class=\"wp-image-1098\" width=\"150\" height=\"216\"\/><\/figure><\/div>\n\n\n\n<p><strong>15 mars 2019 &#8211; R\u00e8glement local de publicit\u00e9 : dialogue de sourds autour de l\u2019impact visuel \u00e0 Lyon. <\/strong>La premi\u00e8re r\u00e9union publique du futur r\u00e8glement local de publicit\u00e9 m\u00e9tropolitain (RLP) s\u2019est d\u00e9roul\u00e9e jeudi soir \u00e0 l\u2019UCLY, place des Archives (Lyon 2e), sans convaincre les collectifs anti-pub&#8230; LIRE LA SUITE (<em><strong><a href=\"https:\/\/tribunedelyon.fr\/salade-lyonnaise\/article\/reglement-local-de-publicite-dialogue-de-sourds-autour-de-limpact-visuel\/?fbclid=IwAR22YsFpYY5aThYaYp4BjfioS5hsEnV3S_i1uHxbJPbgp0L82ZOnq2tU3n0\">abonn\u00e9s<\/a><\/strong><\/em> &#8211; <em><strong><a href=\"http:\/\/collectifpleinlavue.org\/wp-content\/uploads\/2019\/03\/2019-03-15-Tribune-de-Lyon.pdf\">non-abonn\u00e9s<\/a><\/strong><\/em>)<\/p>\n\n\n\n<hr class=\"wp-block-separator\"\/>\n\n\n\n<p>France 3 &#8211; 14 mars 2019<\/p>\n\n\n<p><iframe src=\"https:\/\/www.youtube.com\/embed\/EPC0PILwCcU\" allow=\"accelerometer; autoplay; encrypted-media; gyroscope; picture-in-picture\" allowfullscreen=\"allowfullscreen\" width=\"560\" height=\"315\" frameborder=\"0\"><\/iframe><\/p>\n\n\n<div class=\"wp-block-image\"><figure class=\"alignleft is-resized\"><img loading=\"lazy\" decoding=\"async\" src=\"http:\/\/collectifpleinlavue.org\/wp-content\/uploads\/2018\/05\/Logo-Lyon-Capitale-1.png\" alt=\"\" class=\"wp-image-815\" width=\"200\" height=\"97\"\/><\/figure><\/div>\n\n\n\n<hr class=\"wp-block-separator\"\/>\n\n\n\n<p><strong>14 mars 2019 &#8211; Une r\u00e9union publique sur l&rsquo;avenir de la publicit\u00e9 dans les rues. <\/strong>Stop, encore, plus, avec ou sans panneau publicitaire avec \u00e9cran  vid\u00e9o ? La m\u00e9tropole de Lyon organise une r\u00e9union publique sur le futur  r\u00e8glement local de publicit\u00e9 ce 14 mars&#8230; <em><strong><a href=\"https:\/\/www.lyoncapitale.fr\/actualite\/lyon-une-reunion-publique-sur-l-avenir-de-la-publicite-dans-la-rue\/\">LIRE LA SUITE<\/a><\/strong><\/em>.<br><\/p>\n\n\n\n<hr class=\"wp-block-separator\"\/>\n\n\n\n<div class=\"wp-block-image\"><figure class=\"alignleft is-resized\"><img loading=\"lazy\" decoding=\"async\" src=\"http:\/\/collectifpleinlavue.org\/wp-content\/uploads\/2018\/01\/Logo-le-progres-1024x428.jpg\" alt=\"\" class=\"wp-image-359\" width=\"200\" height=\"85\" srcset=\"https:\/\/collectifpleinlavue.org\/wp-content\/uploads\/2018\/01\/Logo-le-progres-1024x428.jpg 1024w, https:\/\/collectifpleinlavue.org\/wp-content\/uploads\/2018\/01\/Logo-le-progres-768x321.jpg 768w, https:\/\/collectifpleinlavue.org\/wp-content\/uploads\/2018\/01\/Logo-le-progres.jpg 1196w\" sizes=\"(max-width: 200px) 100vw, 200px\" \/><\/figure><\/div>\n\n\n\n<p><strong>7 mars 2019 &#8211; Consultation publique sur la publicit\u00e9 : 5000 personnes ont d\u00e9j\u00e0 r\u00e9pondu. <\/strong>Alors que se pr\u00e9pare \u00e0 la M\u00e9tropole le projet de RLPI (R\u00e8glement local de publicit\u00e9 intercommunal). <em><strong><a href=\"http:\/\/collectifpleinlavue.org\/wp-content\/uploads\/2019\/03\/2019-03-07-Le-Progres.jpg\">LIRE LA SUITE<\/a><\/strong><\/em>.<\/p>\n\n\n\n<p><\/p>\n","protected":false},"excerpt":{"rendered":"<p>En mars : France 3, Reporterre, Tribune de Lyon &#8211; Salade Lyonnaise, Lyon capitale, Le Progr\u00e8s, RCF Lyon, Lyon Mag, Lyon Plus, les Potins d&rsquo;Ang\u00e8le, Rebellyon, Rue 89, Radio Scoop&#8230; 25 mars 2019 &#8211; Les anti-pubs recouvrent l\u2019h\u00f4tel de M\u00e9tropole de Lyon. R\u00e9sultat : une garde \u00e0 vue. Une \u00e9quipe de France 3 a suivi [&hellip;]<\/p>\n","protected":false},"author":2,"featured_media":1657,"comment_status":"closed","ping_status":"open","sticky":false,"template":"","format":"standard","meta":{"footnotes":""},"categories":[6,7,1,12],"tags":[],"class_list":["post-1644","post","type-post","status-publish","format-standard","has-post-thumbnail","hentry","category-info","category-news","category-non-classe","category-revue-de-presse"],"blocksy_meta":[],"_links":{"self":[{"href":"https:\/\/collectifpleinlavue.org\/index.php\/wp-json\/wp\/v2\/posts\/1644","targetHints":{"allow":["GET"]}}],"collection":[{"href":"https:\/\/collectifpleinlavue.org\/index.php\/wp-json\/wp\/v2\/posts"}],"about":[{"href":"https:\/\/collectifpleinlavue.org\/index.php\/wp-json\/wp\/v2\/types\/post"}],"author":[{"embeddable":true,"href":"https:\/\/collectifpleinlavue.org\/index.php\/wp-json\/wp\/v2\/users\/2"}],"replies":[{"embeddable":true,"href":"https:\/\/collectifpleinlavue.org\/index.php\/wp-json\/wp\/v2\/comments?post=1644"}],"version-history":[{"count":40,"href":"https:\/\/collectifpleinlavue.org\/index.php\/wp-json\/wp\/v2\/posts\/1644\/revisions"}],"predecessor-version":[{"id":1707,"href":"https:\/\/collectifpleinlavue.org\/index.php\/wp-json\/wp\/v2\/posts\/1644\/revisions\/1707"}],"wp:featuredmedia":[{"embeddable":true,"href":"https:\/\/collectifpleinlavue.org\/index.php\/wp-json\/wp\/v2\/media\/1657"}],"wp:attachment":[{"href":"https:\/\/collectifpleinlavue.org\/index.php\/wp-json\/wp\/v2\/media?parent=1644"}],"wp:term":[{"taxonomy":"category","embeddable":true,"href":"https:\/\/collectifpleinlavue.org\/index.php\/wp-json\/wp\/v2\/categories?post=1644"},{"taxonomy":"post_tag","embeddable":true,"href":"https:\/\/collectifpleinlavue.org\/index.php\/wp-json\/wp\/v2\/tags?post=1644"}],"curies":[{"name":"wp","href":"https:\/\/api.w.org\/{rel}","templated":true}]}}