{"id":1224,"date":"2019-01-17T09:28:20","date_gmt":"2019-01-17T08:28:20","guid":{"rendered":"http:\/\/collectifpleinlavue.org\/?p=1224"},"modified":"2019-01-17T09:36:00","modified_gmt":"2019-01-17T08:36:00","slug":"publicite-une-nouvelle-experimentation-a-risques-dans-la-metropole","status":"publish","type":"post","link":"https:\/\/collectifpleinlavue.org\/index.php\/2019\/01\/17\/publicite-une-nouvelle-experimentation-a-risques-dans-la-metropole\/","title":{"rendered":"Publicit\u00e9 : une nouvelle exp\u00e9rimentation \u00e0 risques dans la M\u00e9tropole ?"},"content":{"rendered":"\n<p><strong>Communiqu\u00e9 de presse &#8211; Jeudi 17 janvier 2019<\/strong><\/p>\n\n\n\n<p><br><\/p>\n\n\n\n<p>Apr\u00e8s l&rsquo;exp\u00e9rimentation suspendue de la publicit\u00e9 au sol l\u2019an dernier, la M\u00e9tropole se laisserait-elle aller \u00e0 une nouvelle exp\u00e9rience publicitaire \u00e0 risques ? Des d\u00e9bats au conseil du 3e arrondissement se sont faits l\u2019\u00e9cho de la volont\u00e9 de JC Decaux de tester un de leurs \u00e9crans num\u00e9riques sur la voie publique \u00e0 la Part Dieu. Exp\u00e9rimentation \u00e0 laquelle ni la M\u00e9tropole, ni la Maire du 3e arrondissement (selon ses dires) ne seraient oppos\u00e9es.<\/p>\n\n\n\n<p>Chlo\u00e9 Vasset, membre du collectif Plein la vue d\u00e9nonce ce test, et ce pour plusieurs raisons : <em>\u00ab\u00a0Nous sommes \u00e9tonn\u00e9s du besoin d&rsquo;une exp\u00e9rimentation. L&rsquo;entreprise utilise des panneaux num\u00e9riques dans de nombreuses villes en France et dans le monde, elle connait leur fonctionnement. Ce n&rsquo;est ici qu&rsquo;une excuse pour implanter discr\u00e8tement ce proc\u00e9d\u00e9 dans nos rues. C&rsquo;est une fa\u00e7on de tester l&rsquo;approbation des habitants et de les habituer \u00e0 ce dispositif. Pourtant depuis des mois nous le constatons lors de nos diverses mobilisations : les habitants du Grand Lyon n&rsquo;en veulent pas. 13 000 personnes ont d\u00e9j\u00e0 sign\u00e9 la <a rel=\"noreferrer noopener\" href=\"https:\/\/www.change.org\/p\/david-kimelfeld-des-arbres-pas-des-pubs-lib%C3%A9rons-la-m%C3%A9tropole-lyonnaise-de-la-pression-publicitaire\" target=\"_blank\">p\u00e9tition<\/a> appelant \u00e0 \u00ab\u00a0diminuer la pression publicitaire\u00a0\u00bb dans l&rsquo;agglom\u00e9ration lyonnaise. Cette p\u00e9tition demande notamment de ne pas autoriser ces \u00e9crans vid\u00e9os publicitaires.<\/em><\/p>\n\n\n\n<p><em>En interrogeant les habitants sur leur exp\u00e9rience des \u00e9crans vid\u00e9os install\u00e9s dans les stations de m\u00e9tros depuis 2017, notamment l&rsquo;\u00e9cran g\u00e9ant de la station Bellecour, aucun ne souhaite l\u2019expansion de ces dispositif sur la voie publique. Notre attention, notre regard, notre espace public n\u2019est pas \u00e0 vendre !\u00a0\u00bb.<\/em><br><\/p>\n\n\n\n<p>Rappelons ici quelques arguments qui nous poussent \u00e0 refuser ces \u00e9crans : ils sont tr\u00e8s \u00e9nergivores, ils sont mauvais pour notre sant\u00e9 (ne dit-on pas aux enfants d&rsquo;\u00e9viter les \u00e9crans ? voir l&rsquo;<a href=\"https:\/\/www.lemonde.fr\/sante\/article\/2019\/01\/17\/exposition-aux-ecrans-qui-defend-on-les-enfants-ou-l-industrie-du-numerique_5410207_1651302.html\" target=\"_blank\" rel=\"noreferrer noopener\">article<\/a> de ce jeudi 17 janvier du Monde \u00ab\u00a0<a>Exposition aux \u00e9crans : qui d\u00e9fend-on, les enfants ou l&rsquo;industrie du num\u00e9rique ?<\/a>\u00ab\u00a0), ils sont agressifs et envahissants, ils poussent encore plus \u00e0 sur-consommer, ce qui est clairement mauvais pour le climat, ils favorisent la pollution lumineuse, ils sont accidentog\u00e8nes, et comme les panneaux classiques, ils n&rsquo;avantagent que les grands groupes commerciaux et aucunement l&rsquo;\u00e9conomie et le dynamisme local. Nous avons envoy\u00e9 ces informations (argument\u00e9es, sourc\u00e9es) \u00e0 tous les \u00e9lus du Grand Lyon, \u00e0 diverses reprises.<br><\/p>\n\n\n\n<p>Pour Benjamin Badouard, membre du collectif : \u00ab\u00a0<em>Nous demandons express\u00e9ment \u00e0 la ville de Lyon et au Grand Lyon de refuser cette exp\u00e9rimentation, mais surtout de refuser l&rsquo;installation de ces \u00e9crans vid\u00e9o publicitaires. Accepter ces \u00e9crans, c&rsquo;est prendre une d\u00e9cision contre la volont\u00e9 des citoyens, contre leur sant\u00e9, contre le climat&#8230; Nous rappelons que les citoyens sont des \u00e9lecteurs, et nous invitons les \u00e9lus \u00e0 prendre des d\u00e9cisions \u00ab\u00a0pour\u00a0\u00bb les citoyens, leur sant\u00e9 et le climat, et non contre\u00a0\u00bb<\/em>.<br><\/p>\n\n\n\n<p>Pour rappel, les \u00e9crans num\u00e9riques sont \u00e0 ce jour interdits par les diff\u00e9rents RLP (R\u00e8glements locaux de publicit\u00e9) de la M\u00e9tropole. Cette derni\u00e8re souhaite permettre leur implantation dans le cadre du nouveau RLP Intercommunal, qui sera arr\u00eat\u00e9 au printemps. Le collectif Plein la vue lutte depuis plus d&rsquo;un an pour r\u00e9duire la pression publicitaire, par diverses actions de rues et de plaidoyer aupr\u00e8s des \u00e9lus. Cela passe dans un premier temps, par ne pas autoriser ces \u00e9crans.<\/p>\n\n\n\n<figure class=\"wp-block-image\"><img fetchpriority=\"high\" decoding=\"async\" width=\"1024\" height=\"575\" src=\"http:\/\/collectifpleinlavue.org\/wp-content\/uploads\/2019\/01\/IMG_0996-1-1024x575.jpg\" alt=\"\" class=\"wp-image-1225\" srcset=\"https:\/\/collectifpleinlavue.org\/wp-content\/uploads\/2019\/01\/IMG_0996-1-1024x575.jpg 1024w, https:\/\/collectifpleinlavue.org\/wp-content\/uploads\/2019\/01\/IMG_0996-1-300x169.jpg 300w, https:\/\/collectifpleinlavue.org\/wp-content\/uploads\/2019\/01\/IMG_0996-1-768x432.jpg 768w\" sizes=\"(max-width: 1024px) 100vw, 1024px\" \/><\/figure>\n\n\n\n<figure class=\"wp-block-image\"><img decoding=\"async\" width=\"1024\" height=\"577\" src=\"http:\/\/collectifpleinlavue.org\/wp-content\/uploads\/2019\/01\/DSC00493-1-1024x577.jpg\" alt=\"\" class=\"wp-image-1226\" srcset=\"https:\/\/collectifpleinlavue.org\/wp-content\/uploads\/2019\/01\/DSC00493-1-1024x577.jpg 1024w, https:\/\/collectifpleinlavue.org\/wp-content\/uploads\/2019\/01\/DSC00493-1-300x169.jpg 300w, https:\/\/collectifpleinlavue.org\/wp-content\/uploads\/2019\/01\/DSC00493-1-768x433.jpg 768w\" sizes=\"(max-width: 1024px) 100vw, 1024px\" \/><\/figure>\n\n\n\n<figure class=\"wp-block-image\"><img decoding=\"async\" width=\"1024\" height=\"576\" src=\"http:\/\/collectifpleinlavue.org\/wp-content\/uploads\/2019\/01\/SPV-2-1024x576.jpg\" alt=\"\" class=\"wp-image-1227\" srcset=\"https:\/\/collectifpleinlavue.org\/wp-content\/uploads\/2019\/01\/SPV-2-1024x576.jpg 1024w, https:\/\/collectifpleinlavue.org\/wp-content\/uploads\/2019\/01\/SPV-2-300x169.jpg 300w, https:\/\/collectifpleinlavue.org\/wp-content\/uploads\/2019\/01\/SPV-2-768x432.jpg 768w, https:\/\/collectifpleinlavue.org\/wp-content\/uploads\/2019\/01\/SPV-2.jpg 1920w\" sizes=\"(max-width: 1024px) 100vw, 1024px\" \/><\/figure>\n\n\n\n<figure class=\"wp-block-image\"><img loading=\"lazy\" decoding=\"async\" width=\"767\" height=\"1024\" src=\"http:\/\/collectifpleinlavue.org\/wp-content\/uploads\/2019\/01\/SPV-3-767x1024.jpg\" alt=\"\" class=\"wp-image-1228\" srcset=\"https:\/\/collectifpleinlavue.org\/wp-content\/uploads\/2019\/01\/SPV-3-767x1024.jpg 767w, https:\/\/collectifpleinlavue.org\/wp-content\/uploads\/2019\/01\/SPV-3-225x300.jpg 225w, https:\/\/collectifpleinlavue.org\/wp-content\/uploads\/2019\/01\/SPV-3-768x1026.jpg 768w, https:\/\/collectifpleinlavue.org\/wp-content\/uploads\/2019\/01\/SPV-3.jpg 1533w\" sizes=\"(max-width: 767px) 100vw, 767px\" \/><\/figure>\n","protected":false},"excerpt":{"rendered":"<p>Communiqu\u00e9 de presse &#8211; Jeudi 17 janvier 2019 Apr\u00e8s l&rsquo;exp\u00e9rimentation suspendue de la publicit\u00e9 au sol l\u2019an dernier, la M\u00e9tropole se laisserait-elle aller \u00e0 une nouvelle exp\u00e9rience publicitaire \u00e0 risques ? Des d\u00e9bats au conseil du 3e arrondissement se sont faits l\u2019\u00e9cho de la volont\u00e9 de JC Decaux de tester un de leurs \u00e9crans num\u00e9riques [&hellip;]<\/p>\n","protected":false},"author":2,"featured_media":1225,"comment_status":"closed","ping_status":"open","sticky":false,"template":"","format":"standard","meta":{"footnotes":""},"categories":[6,7],"tags":[],"class_list":["post-1224","post","type-post","status-publish","format-standard","has-post-thumbnail","hentry","category-info","category-news"],"blocksy_meta":[],"_links":{"self":[{"href":"https:\/\/collectifpleinlavue.org\/index.php\/wp-json\/wp\/v2\/posts\/1224","targetHints":{"allow":["GET"]}}],"collection":[{"href":"https:\/\/collectifpleinlavue.org\/index.php\/wp-json\/wp\/v2\/posts"}],"about":[{"href":"https:\/\/collectifpleinlavue.org\/index.php\/wp-json\/wp\/v2\/types\/post"}],"author":[{"embeddable":true,"href":"https:\/\/collectifpleinlavue.org\/index.php\/wp-json\/wp\/v2\/users\/2"}],"replies":[{"embeddable":true,"href":"https:\/\/collectifpleinlavue.org\/index.php\/wp-json\/wp\/v2\/comments?post=1224"}],"version-history":[{"count":6,"href":"https:\/\/collectifpleinlavue.org\/index.php\/wp-json\/wp\/v2\/posts\/1224\/revisions"}],"predecessor-version":[{"id":1237,"href":"https:\/\/collectifpleinlavue.org\/index.php\/wp-json\/wp\/v2\/posts\/1224\/revisions\/1237"}],"wp:featuredmedia":[{"embeddable":true,"href":"https:\/\/collectifpleinlavue.org\/index.php\/wp-json\/wp\/v2\/media\/1225"}],"wp:attachment":[{"href":"https:\/\/collectifpleinlavue.org\/index.php\/wp-json\/wp\/v2\/media?parent=1224"}],"wp:term":[{"taxonomy":"category","embeddable":true,"href":"https:\/\/collectifpleinlavue.org\/index.php\/wp-json\/wp\/v2\/categories?post=1224"},{"taxonomy":"post_tag","embeddable":true,"href":"https:\/\/collectifpleinlavue.org\/index.php\/wp-json\/wp\/v2\/tags?post=1224"}],"curies":[{"name":"wp","href":"https:\/\/api.w.org\/{rel}","templated":true}]}}