{"id":1111,"date":"2018-11-04T16:39:59","date_gmt":"2018-11-04T15:39:59","guid":{"rendered":"http:\/\/collectifpleinlavue.org\/?p=1111"},"modified":"2018-11-29T18:26:19","modified_gmt":"2018-11-29T17:26:19","slug":"revue-de-presse-novembre-2018","status":"publish","type":"post","link":"https:\/\/collectifpleinlavue.org\/index.php\/2018\/11\/04\/revue-de-presse-novembre-2018\/","title":{"rendered":"Revue de presse \u2013 Novembre 2018"},"content":{"rendered":"<p><strong>En novembre : France 3, Lyon Capitale, Silence, Le Progr\u00e8s, Rebellyon&#8230;<\/strong><\/p>\n<p>&nbsp;<\/p>\n<p><strong><img decoding=\"async\" src=\"http:\/\/collectifpleinlavue.org\/wp-content\/uploads\/2018\/01\/Logo-le-progres-300x125.jpg\" alt=\"\" class=\"alignleft wp-image-359\" width=\"210\" height=\"88\" srcset=\"https:\/\/collectifpleinlavue.org\/wp-content\/uploads\/2018\/01\/Logo-le-progres-300x125.jpg 300w, https:\/\/collectifpleinlavue.org\/wp-content\/uploads\/2018\/01\/Logo-le-progres-768x321.jpg 768w, https:\/\/collectifpleinlavue.org\/wp-content\/uploads\/2018\/01\/Logo-le-progres-1024x428.jpg 1024w, https:\/\/collectifpleinlavue.org\/wp-content\/uploads\/2018\/01\/Logo-le-progres.jpg 1196w\" sizes=\"(max-width: 210px) 100vw, 210px\" \/>28 novembre 2018 &#8211; Ces antipub en ont \u00ab\u00a0plein la vue\u00a0\u00bb depuis un an.<\/strong> \u00ab\u00a0Plus d&rsquo;arbres, moins de pub\u00a0\u00bb. Les slogans du Collectif Plein la vue fleurissent sur les panneaux&#8230; LIRE LA SUITE <a href=\"https:\/\/www.leprogres.fr\/rhone-69-edition-lyon-metropole\/2018\/11\/28\/a-lyon-le-collectif-plein-la-vue-affiche-son-ras-le-bol-de-la-pub-sur-les-panneaux-jc-decaux?fbclid=IwAR3bxn971U2stLSTwz4PlMwXL4Q84RZs_AIStmNigDrWfDMNetHJkwHdFCA\"><em><strong>en ligne<\/strong><\/em><\/a> et <a href=\"http:\/\/collectifpleinlavue.org\/wp-content\/uploads\/2018\/11\/2018-11-28-Le-Progres.pdf\"><strong><em>fichier<\/em><\/strong><\/a> (article complet).<\/p>\n<p>&nbsp;<\/p>\n<p><img decoding=\"async\" src=\"http:\/\/collectifpleinlavue.org\/wp-content\/uploads\/2018\/05\/Logo-Lyon-Capitale-1-300x168.png\" alt=\"\" class=\"alignleft wp-image-815\" width=\"210\" height=\"117\" srcset=\"https:\/\/collectifpleinlavue.org\/wp-content\/uploads\/2018\/05\/Logo-Lyon-Capitale-1-300x168.png 300w, https:\/\/collectifpleinlavue.org\/wp-content\/uploads\/2018\/05\/Logo-Lyon-Capitale-1.png 530w\" sizes=\"(max-width: 210px) 100vw, 210px\" \/><strong>23 novembre 2018 &#8211; Plan lumi\u00e8re : et si on \u00e9teignait tout ?<\/strong> Au XXI\u00e8 si\u00e8cle, la lumi\u00e8re artificielle nocturne est sortie d&rsquo;un usage purement fonctionnel pour contribuer \u00e0 la mise en valeur&#8230; <em><strong><a href=\"http:\/\/collectifpleinlavue.org\/wp-content\/uploads\/2018\/11\/2018-11-23-LyonCapitale.pdf\">LIRE LA SUITE<\/a><\/strong><\/em>.<\/p>\n<p>&nbsp;<\/p>\n<p>&nbsp;<\/p>\n<p><strong><img decoding=\"async\" src=\"http:\/\/collectifpleinlavue.org\/wp-content\/uploads\/2018\/01\/Logo-20-minutes-Lyon.png\" alt=\"\" class=\"alignleft wp-image-403\" width=\"155\" height=\"155\" srcset=\"https:\/\/collectifpleinlavue.org\/wp-content\/uploads\/2018\/01\/Logo-20-minutes-Lyon.png 225w, https:\/\/collectifpleinlavue.org\/wp-content\/uploads\/2018\/01\/Logo-20-minutes-Lyon-150x150.png 150w\" sizes=\"(max-width: 155px) 100vw, 155px\" \/>22 novembre 2018 &#8211; Lyon : Pour l&rsquo;\u00e9clairage de ses panneaux publicitaires et abribus, JCDecaux va enfin devoir payer.<\/strong> Mobilier urbain : <span class=\"hat-summary\">La ville de Lyon n\u2019a jusqu\u2019alors jamais factur\u00e9 \u00e0 JCDecaux l\u2019\u00e9lectricit\u00e9 consomm\u00e9e par ses multiples panneaux publicitaires et abribus\u2026 <a href=\"https:\/\/www.20minutes.fr\/societe\/2377315-20181122-lyon-eclairage-panneaux-publicitaires-abribus-jcdecaux-va-enfin-devoir-payer?utm_source=dlvr.it&amp;utm_medium=twitter#xtor=RSS-149\"><strong><em>LIRE LA SUITE<\/em><\/strong><\/a>.<br \/>\n<\/span><\/p>\n<p>&nbsp;<\/p>\n<p>&nbsp;<\/p>\n<p><img loading=\"lazy\" decoding=\"async\" src=\"http:\/\/collectifpleinlavue.org\/wp-content\/uploads\/2018\/01\/Logo-Radio-Espace-300x99.png\" alt=\"\" class=\"alignleft wp-image-366\" width=\"200\" height=\"66\" srcset=\"https:\/\/collectifpleinlavue.org\/wp-content\/uploads\/2018\/01\/Logo-Radio-Espace-300x99.png 300w, https:\/\/collectifpleinlavue.org\/wp-content\/uploads\/2018\/01\/Logo-Radio-Espace.png 332w\" sizes=\"(max-width: 200px) 100vw, 200px\" \/><strong>22 novembre 2018 &#8211; Radio Espace (\u00e0 1&rsquo;10\u00a0\u00bb) :<\/strong> <a href=\"http:\/\/collectifpleinlavue.org\/wp-content\/uploads\/2018\/11\/2018-11-22-RadioEspace-a-110.mp3\"><strong><em>\u00c9COUTER LE PODCAST<\/em><\/strong><\/a>.<\/p>\n<p>&nbsp;<\/p>\n<p>&nbsp;<\/p>\n<p><strong><img loading=\"lazy\" decoding=\"async\" src=\"http:\/\/collectifpleinlavue.org\/wp-content\/uploads\/2018\/01\/Logo-Lyon-plus.jpg\" alt=\"\" class=\"alignleft wp-image-360\" width=\"155\" height=\"155\" srcset=\"https:\/\/collectifpleinlavue.org\/wp-content\/uploads\/2018\/01\/Logo-Lyon-plus.jpg 225w, https:\/\/collectifpleinlavue.org\/wp-content\/uploads\/2018\/01\/Logo-Lyon-plus-150x150.jpg 150w\" sizes=\"(max-width: 155px) 100vw, 155px\" \/>21 novembre 2018 &#8211; Publicit\u00e9 : un encadrement harmonis\u00e9.<\/strong> La M\u00e9tropole est en train de concocter un r\u00e8glement local de publicit\u00e9 (RLP) harmonis\u00e9. Le document encadrera l\u2019impact visuel de la publicit\u00e9 dans l\u2019espace public des 59 communes \u00e0 partir de 2020&#8230; <a href=\"https:\/\/www.lyonplus.com\/actualite\/2018\/11\/21\/publicite-un-encadrement-harmonise\"><strong><em>LIRE LA SUITE<\/em><\/strong><\/a>.<\/p>\n<p>&nbsp;<\/p>\n<p>&nbsp;<\/p>\n<p><img decoding=\"async\" src=\"http:\/\/collectifpleinlavue.org\/wp-content\/uploads\/2018\/01\/Logo-le-progres-300x125.jpg\" alt=\"\" class=\"alignleft wp-image-359\" width=\"210\" height=\"88\" srcset=\"https:\/\/collectifpleinlavue.org\/wp-content\/uploads\/2018\/01\/Logo-le-progres-300x125.jpg 300w, https:\/\/collectifpleinlavue.org\/wp-content\/uploads\/2018\/01\/Logo-le-progres-768x321.jpg 768w, https:\/\/collectifpleinlavue.org\/wp-content\/uploads\/2018\/01\/Logo-le-progres-1024x428.jpg 1024w, https:\/\/collectifpleinlavue.org\/wp-content\/uploads\/2018\/01\/Logo-le-progres.jpg 1196w\" sizes=\"(max-width: 210px) 100vw, 210px\" \/><strong>21 novembre 2018 &#8211; G\u00e9rard Collomb veut supprimer les publicit\u00e9s \u00ab\u00a0hideuses\u00a0\u00bb de la ville.<\/strong> Lors du conseil municipal de lundi soir, le futur r\u00e8glement local de publicit\u00e9 a \u00e9t\u00e9 d\u00e9battu&#8230; <strong><em><a href=\"http:\/\/collectifpleinlavue.org\/wp-content\/uploads\/2018\/11\/2018-11-21-Le-Progres.pdf\">LIRE LA SUITE<\/a><\/em><\/strong>.<\/p>\n<p>&nbsp;<\/p>\n<p><strong><img decoding=\"async\" src=\"http:\/\/collectifpleinlavue.org\/wp-content\/uploads\/2018\/01\/Logo-le-progres-300x125.jpg\" alt=\"\" class=\"alignleft wp-image-359\" width=\"210\" height=\"88\" srcset=\"https:\/\/collectifpleinlavue.org\/wp-content\/uploads\/2018\/01\/Logo-le-progres-300x125.jpg 300w, https:\/\/collectifpleinlavue.org\/wp-content\/uploads\/2018\/01\/Logo-le-progres-768x321.jpg 768w, https:\/\/collectifpleinlavue.org\/wp-content\/uploads\/2018\/01\/Logo-le-progres-1024x428.jpg 1024w, https:\/\/collectifpleinlavue.org\/wp-content\/uploads\/2018\/01\/Logo-le-progres.jpg 1196w\" sizes=\"(max-width: 210px) 100vw, 210px\" \/>17 novembre 2018 &#8211; Publicit\u00e9 : un encadrement harmonis\u00e9.<\/strong> La M\u00e9tropole est en train de concocter un R\u00e8glement local de publicit\u00e9 (RLP) harmonis\u00e9. Le document encadrera l&rsquo;impact visuel de la publicit\u00e9&#8230; <a href=\"http:\/\/collectifpleinlavue.org\/wp-content\/uploads\/2018\/11\/2018-11-17-Le-Progres.jpeg\"><strong><em>LIRE LA SUITE<\/em><\/strong><\/a>.<\/p>\n<p>&nbsp;<\/p>\n<p><img loading=\"lazy\" decoding=\"async\" src=\"http:\/\/collectifpleinlavue.org\/wp-content\/uploads\/2018\/01\/Logo-Rebellyon-e1517166590885.png\" alt=\"\" class=\"alignleft wp-image-402\" width=\"155\" height=\"176\" \/><strong><\/strong><\/p>\n<p><strong>7 novembre 2018 &#8211; Le collectif Plein la vue recouvre les panneaux publicitaires pour interpeller la M\u00e9tropole.<\/strong> Ce dimanche 4 novembre 2018, le collectif Plein la vue et les groupes de R\u00e9sistance \u00e0 l\u2019agression publicitaire de Lyon et St-Etienne ont effectu\u00e9 une action de recouvrement de panneaux publicitaires pour alerter les lyonnais.es&#8230; <a href=\"https:\/\/rebellyon.info\/Le-collectif-plein-la-vue-recouvrent-les-19732\"><strong><em>LIRE LA SUITE<\/em><\/strong><\/a>.<\/p>\n<p>&nbsp;<\/p>\n<p><strong>5 novembre 2018 &#8211; France 3 Grand Lyon<\/strong><\/p>\n<p><iframe width=\"560\" height=\"315\" src=\"https:\/\/www.youtube.com\/embed\/WU4u_Fhmbio\" frameborder=\"0\" allow=\"accelerometer; autoplay; encrypted-media; gyroscope; picture-in-picture\" allowfullscreen=\"allowfullscreen\"><\/iframe><\/p>\n<p>&nbsp;<\/p>\n<p><strong> <img loading=\"lazy\" decoding=\"async\" src=\"http:\/\/collectifpleinlavue.org\/wp-content\/uploads\/2018\/11\/Logo-France3-RA-300x200.jpg\" alt=\"\" class=\"alignleft wp-image-1115\" width=\"190\" height=\"126\" srcset=\"https:\/\/collectifpleinlavue.org\/wp-content\/uploads\/2018\/11\/Logo-France3-RA-300x200.jpg 300w, https:\/\/collectifpleinlavue.org\/wp-content\/uploads\/2018\/11\/Logo-France3-RA-360x240.jpg 360w, https:\/\/collectifpleinlavue.org\/wp-content\/uploads\/2018\/11\/Logo-France3-RA.jpg 586w\" sizes=\"(max-width: 190px) 100vw, 190px\" \/>4 novembre 2018 &#8211; Un collectif anti-pub recouvre les panneaux publicitaires de Lyon.<\/strong> Ils veulent d\u00e9noncer l&rsquo;omni-pr\u00e9sence de la publicit\u00e9 dans la ville de Lyon: toute l&rsquo;apr\u00e8s-midi de ce dimanche 4 novembre, des militants ont transform\u00e9 les panneaux publicitaires, en messages directs pour les \u00e9lus&#8230; <a href=\"https:\/\/france3-regions.francetvinfo.fr\/auvergne-rhone-alpes\/rhone\/lyon\/collectif-anti-pub-recouvre-panneaux-publicitaires-lyon-1568934.html\"><strong><em>LIRE LA SUITE<\/em><\/strong><\/a>.<\/p>\n<p>&nbsp;<\/p>\n<p><img loading=\"lazy\" decoding=\"async\" src=\"http:\/\/collectifpleinlavue.org\/wp-content\/uploads\/2018\/05\/Logo-Lyon-Capitale-1-300x168.png\" alt=\"\" class=\"alignleft wp-image-815\" width=\"190\" height=\"106\" srcset=\"https:\/\/collectifpleinlavue.org\/wp-content\/uploads\/2018\/05\/Logo-Lyon-Capitale-1-300x168.png 300w, https:\/\/collectifpleinlavue.org\/wp-content\/uploads\/2018\/05\/Logo-Lyon-Capitale-1.png 530w\" sizes=\"(max-width: 190px) 100vw, 190px\" \/><strong>4 novembre 2018 &#8211; Ils recouvrent les panneaux publicitaires pour interpeller la M\u00e9tropole.<\/strong> Une cinquantaine de militants du collectif Plein la vue et des groupes de R\u00e9sistance \u00e0 l&rsquo;agression publicitaire de Lyon et Saint-Etienne a recouvert les panneaux publicitaires&#8230; <a href=\"https:\/\/www.lyoncapitale.fr\/actualite\/ils-recouvrent-les-panneaux-publicitaires-pour-interpeller-la-metropole\/?utm_source=dlvr.it&amp;utm_medium=twitter&amp;fbclid=IwAR3DnVFFxOw5Dde7eh0rwQlrjxsk5PcpQcXl70UrdVfHYhI6VW2cax8nbcY\"><em><strong>LIRE LA SUITE<\/strong><\/em><\/a>.<\/p>\n<p>&nbsp;<\/p>\n<p><img decoding=\"async\" src=\"http:\/\/collectifpleinlavue.org\/wp-content\/uploads\/2018\/01\/Logo-le-progres-300x125.jpg\" alt=\"\" class=\"alignleft wp-image-359\" width=\"210\" height=\"88\" srcset=\"https:\/\/collectifpleinlavue.org\/wp-content\/uploads\/2018\/01\/Logo-le-progres-300x125.jpg 300w, https:\/\/collectifpleinlavue.org\/wp-content\/uploads\/2018\/01\/Logo-le-progres-768x321.jpg 768w, https:\/\/collectifpleinlavue.org\/wp-content\/uploads\/2018\/01\/Logo-le-progres-1024x428.jpg 1024w, https:\/\/collectifpleinlavue.org\/wp-content\/uploads\/2018\/01\/Logo-le-progres.jpg 1196w\" sizes=\"(max-width: 210px) 100vw, 210px\" \/><\/p>\n<p><strong>4 novembre 2018 &#8211; Le collectif Plein la vue et l\u2019association R.A.P. disent non \u00e0 la pub place Bellecour.<\/strong> Ce dimanche, le collectif lyonnais \u00ab Plein la Vue \u00bb et l\u2019association \u00ab R\u00e9sistance \u00e0 l\u2019agression publicitaire \u00bb (R.A.P)&#8230; <a href=\"https:\/\/www.leprogres.fr\/rhone-69-edition-lyon-metropole\/2018\/11\/04\/le-collectif-plein-la-vue-et-l-association-r-a-p-disent-non-a-la-pub-place-bellecour?preview=true&amp;fbclid=IwAR3m1MqYeSXFAcpFsNIqdvAhzyWptt4XDuCWLAnXzlLpyZdO4bCAwwzOKVs\"><em><strong>LIRE LA SUITE<\/strong><\/em><\/a>.<\/p>\n<p>&nbsp;<\/p>\n<p><img loading=\"lazy\" decoding=\"async\" src=\"http:\/\/collectifpleinlavue.org\/wp-content\/uploads\/2018\/11\/Logo-Silence-300x300.png\" alt=\"\" class=\"alignleft wp-image-1112\" width=\"145\" height=\"145\" srcset=\"https:\/\/collectifpleinlavue.org\/wp-content\/uploads\/2018\/11\/Logo-Silence-300x300.png 300w, https:\/\/collectifpleinlavue.org\/wp-content\/uploads\/2018\/11\/Logo-Silence-150x150.png 150w, https:\/\/collectifpleinlavue.org\/wp-content\/uploads\/2018\/11\/Logo-Silence.png 391w\" sizes=\"(max-width: 145px) 100vw, 145px\" \/><\/p>\n<p><strong>Novembre 2018 &#8211; La publicit\u00e9 nuit aux petits commerces.<\/strong> Le collectif Plein la vue milite depuis novembre 2017 pour la limitation de la place de la publicit\u00e9 dans l&rsquo;espace public de la m\u00e9tropole lyonnaise. Fin ao\u00fbt 2018 il publie les r\u00e9sultats d&rsquo;une enqu\u00eate aupr\u00e8s de 200 commerces&#8230; LIRE LA SUITE <a href=\"http:\/\/collectifpleinlavue.org\/wp-content\/uploads\/2018\/11\/2018-11-01-Silence1.jpeg\"><em><strong>ICI<\/strong><\/em><\/a> et <a href=\"http:\/\/collectifpleinlavue.org\/wp-content\/uploads\/2018\/11\/2018-11-01-Silence.jpeg\"><strong><em>ICI<\/em><\/strong><\/a>.<\/p>\n","protected":false},"excerpt":{"rendered":"<p>En novembre : France 3, Lyon Capitale, Silence, Le Progr\u00e8s, Rebellyon&#8230; &nbsp; 28 novembre 2018 &#8211; Ces antipub en ont \u00ab\u00a0plein la vue\u00a0\u00bb depuis un an. \u00ab\u00a0Plus d&rsquo;arbres, moins de pub\u00a0\u00bb. Les slogans du Collectif Plein la vue fleurissent sur les panneaux&#8230; LIRE LA SUITE en ligne et fichier (article complet). &nbsp; 23 novembre 2018 [&hellip;]<\/p>\n","protected":false},"author":2,"featured_media":1116,"comment_status":"closed","ping_status":"open","sticky":false,"template":"","format":"standard","meta":{"footnotes":""},"categories":[6,7,12],"tags":[],"class_list":["post-1111","post","type-post","status-publish","format-standard","has-post-thumbnail","hentry","category-info","category-news","category-revue-de-presse"],"blocksy_meta":[],"_links":{"self":[{"href":"https:\/\/collectifpleinlavue.org\/index.php\/wp-json\/wp\/v2\/posts\/1111","targetHints":{"allow":["GET"]}}],"collection":[{"href":"https:\/\/collectifpleinlavue.org\/index.php\/wp-json\/wp\/v2\/posts"}],"about":[{"href":"https:\/\/collectifpleinlavue.org\/index.php\/wp-json\/wp\/v2\/types\/post"}],"author":[{"embeddable":true,"href":"https:\/\/collectifpleinlavue.org\/index.php\/wp-json\/wp\/v2\/users\/2"}],"replies":[{"embeddable":true,"href":"https:\/\/collectifpleinlavue.org\/index.php\/wp-json\/wp\/v2\/comments?post=1111"}],"version-history":[{"count":10,"href":"https:\/\/collectifpleinlavue.org\/index.php\/wp-json\/wp\/v2\/posts\/1111\/revisions"}],"predecessor-version":[{"id":1198,"href":"https:\/\/collectifpleinlavue.org\/index.php\/wp-json\/wp\/v2\/posts\/1111\/revisions\/1198"}],"wp:featuredmedia":[{"embeddable":true,"href":"https:\/\/collectifpleinlavue.org\/index.php\/wp-json\/wp\/v2\/media\/1116"}],"wp:attachment":[{"href":"https:\/\/collectifpleinlavue.org\/index.php\/wp-json\/wp\/v2\/media?parent=1111"}],"wp:term":[{"taxonomy":"category","embeddable":true,"href":"https:\/\/collectifpleinlavue.org\/index.php\/wp-json\/wp\/v2\/categories?post=1111"},{"taxonomy":"post_tag","embeddable":true,"href":"https:\/\/collectifpleinlavue.org\/index.php\/wp-json\/wp\/v2\/tags?post=1111"}],"curies":[{"name":"wp","href":"https:\/\/api.w.org\/{rel}","templated":true}]}}