{"id":1104,"date":"2018-11-04T17:24:47","date_gmt":"2018-11-04T16:24:47","guid":{"rendered":"http:\/\/collectifpleinlavue.org\/?p=1104"},"modified":"2018-11-05T00:16:19","modified_gmt":"2018-11-04T23:16:19","slug":"interpellez-vos-elus","status":"publish","type":"post","link":"https:\/\/collectifpleinlavue.org\/index.php\/2018\/11\/04\/interpellez-vos-elus\/","title":{"rendered":"Interpellez vos \u00e9lus !"},"content":{"rendered":"<p>Depuis six mois que nous travaillons avec la M\u00e9tropole, nous n&rsquo;avons pas l&rsquo;impression d&rsquo;\u00eatre entendus. En effet, <strong>le document en l&rsquo;\u00e9tat de la M\u00e9tropole n&rsquo;a pas \u00e9volu\u00e9 depuis juin<\/strong>, malgr\u00e9 cinq r\u00e9unions de travail, du travail de fond, des propositions raisonnables.<\/p>\n<p><strong>Au contraire, le projet de r\u00e8glement ne semble vraiment pas aller dans le bon sens :<\/strong> comme exprim\u00e9 dans le communiqu\u00e9 de presse ci-dessous, il y a des reculs sur les immenses b\u00e2ches de chantiers, les b\u00e2ches \u00e9v\u00e9nementielles, les b\u00e2ches p\u00e9rennes, pas de prise en compte des mobiliers urbains (les \u00ab\u00a0sucettes\u00a0\u00bb) dans l&rsquo;effort de d\u00e9-densification, am\u00e9liorations minimales pour les horaires d&rsquo;extinctions des enseignes, et pour la taille des panneaux&#8230; <strong>et surtout : autorisation des panneaux num\u00e9riques publicitaires !<\/strong> Des t\u00e9l\u00e9viseurs publicitaires de 2 \u00e0 6m2, comme dans les m\u00e9tros, bient\u00f4t dans nos rues !<\/p>\n<p>NON. Les 13 000 signataires de la p\u00e9tition, les 30 associations partenaires, la sant\u00e9 des enfants, le Climat&#8230; souhaitent une R\u00c9ELLE diminution de la pression publicitaire..<\/p>\n<p>Pour commencer, agissez en \u00e9crivant \u00e0 la M\u00e9tropole de Lyon : <a href=\"mailto:concertation.rlp@grandlyon.com\">concertation.rlp@grandlyon.com<\/a> (ou via <a href=\"https:\/\/pleinlavue.frama.io\/generateur-d-email\/\">notre formulaire en ligne ICI<\/a>) et \u00e0 votre maire. Dites-leur pourquoi vous souhaitez moins de pub. Des centaines de personnes ont d\u00e9j\u00e0 \u00e9crit, il faut continuer.<\/p>\n<p><strong>Notre vid\u00e9o :<\/strong><\/p>\n<p><iframe width=\"560\" height=\"315\" src=\"https:\/\/www.youtube.com\/embed\/2fXeXlszuUI\" frameborder=\"0\" allow=\"accelerometer; autoplay; encrypted-media; gyroscope; picture-in-picture\" allowfullscreen=\"allowfullscreen\"><\/iframe><\/p>\n<p><em>(et en bas de page, des photos de l&rsquo;action de recouvrement)<\/em><\/p>\n<div>&#8212;&#8212;&#8212;-<\/div>\n<div><\/div>\n<div>Communiqu\u00e9 de presse<br \/>\nLyon, le 4 novembre 2018<\/div>\n<div><\/div>\n<div>Ce dimanche apr\u00e8s-midi, le Collectif Plein la vue et les groupes de R\u00e9sistance \u00e0 l&rsquo;agression publicitaire de Lyon et St-Etienne ont effectu\u00e9 une action de recouvrement de panneaux publicitaires (photos en pj). Une cinquantaine de citoyens ont parcouru la ville <b>pour faire passer un message aux \u00e9lus de la Lyon et de la M\u00e9tropole :<\/b> \u00e9coutez les habitants qui veulent une vraie baisse de la pression publicitaire dans le Grand Lyon et pas simplement un d\u00e9poussi\u00e9rage du r\u00e8glement, comprenant surtout une intensification de la publicit\u00e9 dans divers domaines !<\/div>\n<div><\/div>\n<div><b>Selon les informations que nous nous sommes procur\u00e9es, les avanc\u00e9es vers une d\u00e9-densification sont minimes mais les reculades seront elles bien visibles en 2020, lors de la mise en application du RLPI, si rien ne change dans le projet de r\u00e8glement. <\/b><\/div>\n<div><\/div>\n<div><b>Voici les \u00e9l\u00e9ments clairs de <\/b><b><u>densification<\/u><\/b><b> :<\/b><\/div>\n<div>=&gt; <u>Autorisation des \u00e9crans vid\u00e9o publicitaires<\/u>, jusqu&rsquo;ici interdits. C&rsquo;est ici le pire des proc\u00e9d\u00e9s publicitaire, qui regroupe tout ce qu&rsquo;il y a de n\u00e9faste : pollution \u00e9nerg\u00e9tique, visuelle et lumineuse, agressivit\u00e9, danger pour la sant\u00e9 notamment des enfants&#8230;<\/div>\n<div>=&gt; Autorisation et extension des <u>b\u00e2ches publicitaires<\/u> de chantier, des b\u00e2ches p\u00e9rennes et des publicit\u00e9s g\u00e9antes pour de l&rsquo;\u00e9v\u00e9nementiel.<\/div>\n<div>=&gt; Extension minime de l&rsquo;extinction des enseignes le soir, et pas d&rsquo;\u00e9volution sur l&rsquo;extinction des panneaux lumineux. Quasiment aucune incidence sur la pollution lumineuse, l&rsquo;agressivit\u00e9, et la pollution \u00e9nerg\u00e9tique.<\/div>\n<div>=&gt; Pas de prise en compte du mobilier urbain (les \u00ab\u00a0sucettes\u00a0\u00bb JC Decaux) dans les travaux de d\u00e9-densification.<\/div>\n<div>=&gt; Certes une autorisation des publicit\u00e9s \u00e0 maximum 8m2, mais cela ne va quasiment rien changer car il n&rsquo;y a que tr\u00e8s peu de panneaux de 12m2 sur le territoire, et avec les bordures les 8m2 font en fait 10-11m2.<\/div>\n<div><\/div>\n<div><b>\u00c0 quoi sert la concertation ?<\/b><\/div>\n<div>Selon Chlo\u00e9 Vasset <i>\u00ab\u00a0Le Grand Lyon a accueilli plusieurs associations de cadre de vie, dont le Collectif Plein la vue et R\u00e9sistance \u00e0 l&rsquo;agression publicitaire, aux r\u00e9unions de concertation. Nous avons particip\u00e9 \u00e0 six r\u00e9unions de travail depuis mai, nous avons avanc\u00e9 de nombreuses propositions raisonnables et souhait\u00e9es par les habitants, nous avons fait de nombreux travaux de fond&#8230; mais il n&rsquo;y a aucune \u00e9volution dans les propositions de la M\u00e9tropole entre mai et novembre. \u00c0 quoi a servi cette concertation ? Ne sommes-nous que des alibis ? Nous nous posons ces questions aujourd&rsquo;hui&#8230; Mais nous n&rsquo;allons pas en rester l\u00e0, nous allons continuer \u00e0 travailler, \u00e0 montrer la gabegie qu&rsquo;est la publicit\u00e9 dans l&rsquo;espace public, pour \u00eatre enfin \u00e9cout\u00e9s.\u00a0\u00bb<\/i><\/div>\n<div><\/div>\n<div><b>Nos propositions ?<\/b><\/div>\n<div>Voici dans cette vid\u00e9o (<a href=\"https:\/\/mail.google.com\/mail\/u\/0\/&lt;iframe src=&quot;https:\/\/www.facebook.com\/plugins\/video.php?href=https%3A%2F%2Fwww.facebook.com%2Fcollectifpleinlavue%2Fvideos%2F259932248022215%2F&amp;show_text=0&amp;width=476&quot; width=&quot;476&quot; height=&quot;476&quot; style=&quot;border:none;overflow:hidden&quot; scrolling=&quot;no&quot; frameborder=&quot;0&quot; allowTransparency=&quot;true&quot; allowFullScreen=&quot;true&quot;&gt;&lt;\/iframe&gt;\">ICI sur Facebook<\/a>, <a href=\"http:\/\/collectifpleinlavue.org\/\">ICI sur notre site pleinlavue.org<\/a>) quelques points sur lesquels nous voudrions \u00eatre entendus.<\/div>\n<div>N&rsquo;h\u00e9sitez pas \u00e0 la partager.<\/div>\n<div>\n<div><\/div>\n<div>Et Chlo\u00e9 Vasset, de conclure : <i>\u00ab\u00a0Pour la pollution visuelle, \u00e9nerg\u00e9tique, lumineuse, pour l&rsquo;agressivit\u00e9, pour les effets sur la sant\u00e9, pour stopper ces appels incessants \u00e0 consommer qui pillent notre plan\u00e8te et d\u00e9r\u00e8glent le climat, il faut clairement que les \u00e9lus de tout bords r\u00e9digent un r\u00e8glement bien plus restrictif que la proposition actuelle.\u00a0\u00bb<\/i><\/div>\n<\/div>\n<div><\/div>\n<div>&#8212;&#8212;&#8212;<\/div>\n<div><strong>Ci-dessous quelques photos de l&rsquo;action recouvrement :<\/strong><\/div>\n<div><img fetchpriority=\"high\" decoding=\"async\" src=\"http:\/\/collectifpleinlavue.org\/wp-content\/uploads\/2018\/11\/IMG_9154-1024x683.jpg\" alt=\"\" class=\"alignnone wp-image-1118 size-large\" width=\"750\" height=\"500\" srcset=\"https:\/\/collectifpleinlavue.org\/wp-content\/uploads\/2018\/11\/IMG_9154-1024x683.jpg 1024w, https:\/\/collectifpleinlavue.org\/wp-content\/uploads\/2018\/11\/IMG_9154-300x200.jpg 300w, https:\/\/collectifpleinlavue.org\/wp-content\/uploads\/2018\/11\/IMG_9154-768x512.jpg 768w, https:\/\/collectifpleinlavue.org\/wp-content\/uploads\/2018\/11\/IMG_9154-360x240.jpg 360w\" sizes=\"(max-width: 750px) 100vw, 750px\" \/><\/div>\n<div><img decoding=\"async\" src=\"http:\/\/collectifpleinlavue.org\/wp-content\/uploads\/2018\/11\/IMG_9146-1024x683.jpg\" alt=\"\" class=\"alignnone wp-image-1119 size-large\" width=\"750\" height=\"500\" srcset=\"https:\/\/collectifpleinlavue.org\/wp-content\/uploads\/2018\/11\/IMG_9146-1024x683.jpg 1024w, https:\/\/collectifpleinlavue.org\/wp-content\/uploads\/2018\/11\/IMG_9146-300x200.jpg 300w, https:\/\/collectifpleinlavue.org\/wp-content\/uploads\/2018\/11\/IMG_9146-768x512.jpg 768w, https:\/\/collectifpleinlavue.org\/wp-content\/uploads\/2018\/11\/IMG_9146-360x240.jpg 360w\" sizes=\"(max-width: 750px) 100vw, 750px\" \/><\/div>\n<div><img decoding=\"async\" src=\"http:\/\/collectifpleinlavue.org\/wp-content\/uploads\/2018\/11\/DSC_0792-1024x681.jpg\" alt=\"\" class=\"alignnone wp-image-1129 size-large\" width=\"750\" height=\"499\" srcset=\"https:\/\/collectifpleinlavue.org\/wp-content\/uploads\/2018\/11\/DSC_0792-1024x681.jpg 1024w, https:\/\/collectifpleinlavue.org\/wp-content\/uploads\/2018\/11\/DSC_0792-300x199.jpg 300w, https:\/\/collectifpleinlavue.org\/wp-content\/uploads\/2018\/11\/DSC_0792-768x511.jpg 768w, https:\/\/collectifpleinlavue.org\/wp-content\/uploads\/2018\/11\/DSC_0792-360x240.jpg 360w\" sizes=\"(max-width: 750px) 100vw, 750px\" \/><\/div>\n<div><img loading=\"lazy\" decoding=\"async\" src=\"http:\/\/collectifpleinlavue.org\/wp-content\/uploads\/2018\/11\/P1030411-1024x768.jpg\" alt=\"\" class=\"alignnone wp-image-1128 size-large\" width=\"750\" height=\"563\" srcset=\"https:\/\/collectifpleinlavue.org\/wp-content\/uploads\/2018\/11\/P1030411-1024x768.jpg 1024w, https:\/\/collectifpleinlavue.org\/wp-content\/uploads\/2018\/11\/P1030411-300x225.jpg 300w, https:\/\/collectifpleinlavue.org\/wp-content\/uploads\/2018\/11\/P1030411-768x576.jpg 768w\" sizes=\"(max-width: 750px) 100vw, 750px\" \/><\/div>\n<div><img loading=\"lazy\" decoding=\"async\" src=\"http:\/\/collectifpleinlavue.org\/wp-content\/uploads\/2018\/11\/IMG_0462-1024x683.jpg\" alt=\"\" class=\"alignnone wp-image-1127 size-large\" width=\"750\" height=\"500\" srcset=\"https:\/\/collectifpleinlavue.org\/wp-content\/uploads\/2018\/11\/IMG_0462-1024x683.jpg 1024w, https:\/\/collectifpleinlavue.org\/wp-content\/uploads\/2018\/11\/IMG_0462-300x200.jpg 300w, https:\/\/collectifpleinlavue.org\/wp-content\/uploads\/2018\/11\/IMG_0462-768x512.jpg 768w, https:\/\/collectifpleinlavue.org\/wp-content\/uploads\/2018\/11\/IMG_0462-360x240.jpg 360w\" sizes=\"(max-width: 750px) 100vw, 750px\" \/><\/div>\n<div><img loading=\"lazy\" decoding=\"async\" src=\"http:\/\/collectifpleinlavue.org\/wp-content\/uploads\/2018\/11\/P1030300-1024x768.jpg\" alt=\"\" class=\"alignnone wp-image-1125 size-large\" width=\"750\" height=\"563\" srcset=\"https:\/\/collectifpleinlavue.org\/wp-content\/uploads\/2018\/11\/P1030300-1024x768.jpg 1024w, https:\/\/collectifpleinlavue.org\/wp-content\/uploads\/2018\/11\/P1030300-300x225.jpg 300w, https:\/\/collectifpleinlavue.org\/wp-content\/uploads\/2018\/11\/P1030300-768x576.jpg 768w\" sizes=\"(max-width: 750px) 100vw, 750px\" \/><\/div>\n<div><img loading=\"lazy\" decoding=\"async\" src=\"http:\/\/collectifpleinlavue.org\/wp-content\/uploads\/2018\/11\/IMG_0487-1024x683.jpg\" alt=\"\" class=\"alignnone wp-image-1124 size-large\" width=\"750\" height=\"500\" srcset=\"https:\/\/collectifpleinlavue.org\/wp-content\/uploads\/2018\/11\/IMG_0487-1024x683.jpg 1024w, https:\/\/collectifpleinlavue.org\/wp-content\/uploads\/2018\/11\/IMG_0487-300x200.jpg 300w, https:\/\/collectifpleinlavue.org\/wp-content\/uploads\/2018\/11\/IMG_0487-768x512.jpg 768w, https:\/\/collectifpleinlavue.org\/wp-content\/uploads\/2018\/11\/IMG_0487-360x240.jpg 360w\" sizes=\"(max-width: 750px) 100vw, 750px\" \/><\/div>\n<div><img loading=\"lazy\" decoding=\"async\" src=\"http:\/\/collectifpleinlavue.org\/wp-content\/uploads\/2018\/11\/P1030461-1024x768.jpg\" alt=\"\" class=\"alignnone wp-image-1126 size-large\" width=\"750\" height=\"563\" srcset=\"https:\/\/collectifpleinlavue.org\/wp-content\/uploads\/2018\/11\/P1030461-1024x768.jpg 1024w, https:\/\/collectifpleinlavue.org\/wp-content\/uploads\/2018\/11\/P1030461-300x225.jpg 300w, https:\/\/collectifpleinlavue.org\/wp-content\/uploads\/2018\/11\/P1030461-768x576.jpg 768w\" sizes=\"(max-width: 750px) 100vw, 750px\" \/><\/div>\n<div><img loading=\"lazy\" decoding=\"async\" src=\"http:\/\/collectifpleinlavue.org\/wp-content\/uploads\/2018\/11\/IMG_0498-1024x683.jpg\" alt=\"\" class=\"alignnone wp-image-1123 size-large\" width=\"750\" height=\"500\" srcset=\"https:\/\/collectifpleinlavue.org\/wp-content\/uploads\/2018\/11\/IMG_0498-1024x683.jpg 1024w, https:\/\/collectifpleinlavue.org\/wp-content\/uploads\/2018\/11\/IMG_0498-300x200.jpg 300w, https:\/\/collectifpleinlavue.org\/wp-content\/uploads\/2018\/11\/IMG_0498-768x512.jpg 768w, https:\/\/collectifpleinlavue.org\/wp-content\/uploads\/2018\/11\/IMG_0498-360x240.jpg 360w\" sizes=\"(max-width: 750px) 100vw, 750px\" \/><\/div>\n<div><img loading=\"lazy\" decoding=\"async\" src=\"http:\/\/collectifpleinlavue.org\/wp-content\/uploads\/2018\/11\/IMG_0440-e1541372790494-683x1024.jpg\" alt=\"\" class=\"alignnone wp-image-1122\" width=\"500\" height=\"750\" srcset=\"https:\/\/collectifpleinlavue.org\/wp-content\/uploads\/2018\/11\/IMG_0440-e1541372790494-683x1024.jpg 683w, https:\/\/collectifpleinlavue.org\/wp-content\/uploads\/2018\/11\/IMG_0440-e1541372790494-200x300.jpg 200w, https:\/\/collectifpleinlavue.org\/wp-content\/uploads\/2018\/11\/IMG_0440-e1541372790494-768x1152.jpg 768w\" sizes=\"(max-width: 500px) 100vw, 500px\" \/><\/div>\n<div><img loading=\"lazy\" decoding=\"async\" src=\"http:\/\/collectifpleinlavue.org\/wp-content\/uploads\/2018\/11\/P1050785-1024x768.jpg\" alt=\"\" class=\"alignnone wp-image-1121 size-large\" width=\"750\" height=\"563\" srcset=\"https:\/\/collectifpleinlavue.org\/wp-content\/uploads\/2018\/11\/P1050785-1024x768.jpg 1024w, https:\/\/collectifpleinlavue.org\/wp-content\/uploads\/2018\/11\/P1050785-300x225.jpg 300w, https:\/\/collectifpleinlavue.org\/wp-content\/uploads\/2018\/11\/P1050785-768x576.jpg 768w\" sizes=\"(max-width: 750px) 100vw, 750px\" \/><\/div>\n<div><img loading=\"lazy\" decoding=\"async\" src=\"http:\/\/collectifpleinlavue.org\/wp-content\/uploads\/2018\/11\/P1050762-e1541372805553-225x300.jpg\" alt=\"\" class=\"alignnone wp-image-1120\" width=\"500\" height=\"667\" srcset=\"https:\/\/collectifpleinlavue.org\/wp-content\/uploads\/2018\/11\/P1050762-e1541372805553-225x300.jpg 225w, https:\/\/collectifpleinlavue.org\/wp-content\/uploads\/2018\/11\/P1050762-e1541372805553-768x1024.jpg 768w\" sizes=\"(max-width: 500px) 100vw, 500px\" \/><\/div>\n<div><img loading=\"lazy\" decoding=\"async\" src=\"http:\/\/collectifpleinlavue.org\/wp-content\/uploads\/2018\/11\/45442006_202802197179694_4772258997195505664_n-1.jpg\" alt=\"\" class=\"alignnone wp-image-1116 size-full\" width=\"960\" height=\"720\" srcset=\"https:\/\/collectifpleinlavue.org\/wp-content\/uploads\/2018\/11\/45442006_202802197179694_4772258997195505664_n-1.jpg 960w, https:\/\/collectifpleinlavue.org\/wp-content\/uploads\/2018\/11\/45442006_202802197179694_4772258997195505664_n-1-300x225.jpg 300w, https:\/\/collectifpleinlavue.org\/wp-content\/uploads\/2018\/11\/45442006_202802197179694_4772258997195505664_n-1-768x576.jpg 768w\" sizes=\"(max-width: 960px) 100vw, 960px\" \/><\/div>\n<div><\/div>\n","protected":false},"excerpt":{"rendered":"<p>Depuis six mois que nous travaillons avec la M\u00e9tropole, nous n&rsquo;avons pas l&rsquo;impression d&rsquo;\u00eatre entendus. En effet, le document en l&rsquo;\u00e9tat de la M\u00e9tropole n&rsquo;a pas \u00e9volu\u00e9 depuis juin, malgr\u00e9 cinq r\u00e9unions de travail, du travail de fond, des propositions raisonnables. Au contraire, le projet de r\u00e8glement ne semble vraiment pas aller dans le bon [&hellip;]<\/p>\n","protected":false},"author":2,"featured_media":1131,"comment_status":"closed","ping_status":"open","sticky":false,"template":"","format":"standard","meta":{"footnotes":""},"categories":[7,1],"tags":[],"class_list":["post-1104","post","type-post","status-publish","format-standard","has-post-thumbnail","hentry","category-news","category-non-classe"],"blocksy_meta":[],"_links":{"self":[{"href":"https:\/\/collectifpleinlavue.org\/index.php\/wp-json\/wp\/v2\/posts\/1104","targetHints":{"allow":["GET"]}}],"collection":[{"href":"https:\/\/collectifpleinlavue.org\/index.php\/wp-json\/wp\/v2\/posts"}],"about":[{"href":"https:\/\/collectifpleinlavue.org\/index.php\/wp-json\/wp\/v2\/types\/post"}],"author":[{"embeddable":true,"href":"https:\/\/collectifpleinlavue.org\/index.php\/wp-json\/wp\/v2\/users\/2"}],"replies":[{"embeddable":true,"href":"https:\/\/collectifpleinlavue.org\/index.php\/wp-json\/wp\/v2\/comments?post=1104"}],"version-history":[{"count":7,"href":"https:\/\/collectifpleinlavue.org\/index.php\/wp-json\/wp\/v2\/posts\/1104\/revisions"}],"predecessor-version":[{"id":1132,"href":"https:\/\/collectifpleinlavue.org\/index.php\/wp-json\/wp\/v2\/posts\/1104\/revisions\/1132"}],"wp:featuredmedia":[{"embeddable":true,"href":"https:\/\/collectifpleinlavue.org\/index.php\/wp-json\/wp\/v2\/media\/1131"}],"wp:attachment":[{"href":"https:\/\/collectifpleinlavue.org\/index.php\/wp-json\/wp\/v2\/media?parent=1104"}],"wp:term":[{"taxonomy":"category","embeddable":true,"href":"https:\/\/collectifpleinlavue.org\/index.php\/wp-json\/wp\/v2\/categories?post=1104"},{"taxonomy":"post_tag","embeddable":true,"href":"https:\/\/collectifpleinlavue.org\/index.php\/wp-json\/wp\/v2\/tags?post=1104"}],"curies":[{"name":"wp","href":"https:\/\/api.w.org\/{rel}","templated":true}]}}